{"id":3767,"date":"2021-10-18T15:54:36","date_gmt":"2021-10-18T13:54:36","guid":{"rendered":"https:\/\/agora.xtec.cat\/ceip-antoni-gaudi\/?p=3767"},"modified":"2021-10-18T15:54:36","modified_gmt":"2021-10-18T13:54:36","slug":"1r-racons-i-tallers-de-tardor","status":"publish","type":"post","link":"https:\/\/agora.xtec.cat\/ceip-antoni-gaudi\/general\/1r-racons-i-tallers-de-tardor\/","title":{"rendered":"1r &#8211; RACONS I TALLERS DE TARDOR"},"content":{"rendered":"<p>Aquestes \u00faltimes setmanes els nens i nenes de primer hem pogut gaudir de diferents tallers i racons de la tardor. Hem treballat la lectoescriptura a partir del <strong>vocabulari t\u00edpic de tardor<\/strong> i hem pogut fer diferents jocs com ara <strong>sopes de lletres<\/strong>, <strong>&#8220;memori&#8221; amb imatges i paraules de tardor<\/strong>, <strong>jocs interactius a l&#8217;ordinador<\/strong>&#8230; tamb\u00e9 hem treballat el grafisme amb diferents elements de tardor com s\u00f3n les fulles i hem utilitzat diferents materials per fer les nostres <strong>creacions art\u00edstiques<\/strong>.<\/p>\n<p>Si cliqueu la imatge podreu veure com hem treballat!<\/p>\n<p><a href=\"https:\/\/photos.app.goo.gl\/Ay4VPyvhjb81wQ9s8\" target=\"_blank\" rel=\"noopener\"><img loading=\"lazy\" decoding=\"async\" class=\"aligncenter wp-image-3770\" src=\"https:\/\/agora.xtec.cat\/ceip-antoni-gaudi\/wp-content\/uploads\/usu683\/2021\/10\/WhatsApp-Image-2021-10-13-at-14.02.32-1024x768.jpeg\" alt=\"\" width=\"723\" height=\"542\" srcset=\"https:\/\/agora.xtec.cat\/ceip-antoni-gaudi\/wp-content\/uploads\/usu683\/2021\/10\/WhatsApp-Image-2021-10-13-at-14.02.32-1024x768.jpeg 1024w, https:\/\/agora.xtec.cat\/ceip-antoni-gaudi\/wp-content\/uploads\/usu683\/2021\/10\/WhatsApp-Image-2021-10-13-at-14.02.32-300x225.jpeg 300w, https:\/\/agora.xtec.cat\/ceip-antoni-gaudi\/wp-content\/uploads\/usu683\/2021\/10\/WhatsApp-Image-2021-10-13-at-14.02.32-768x576.jpeg 768w, https:\/\/agora.xtec.cat\/ceip-antoni-gaudi\/wp-content\/uploads\/usu683\/2021\/10\/WhatsApp-Image-2021-10-13-at-14.02.32-1536x1152.jpeg 1536w, https:\/\/agora.xtec.cat\/ceip-antoni-gaudi\/wp-content\/uploads\/usu683\/2021\/10\/WhatsApp-Image-2021-10-13-at-14.02.32-200x150.jpeg 200w, https:\/\/agora.xtec.cat\/ceip-antoni-gaudi\/wp-content\/uploads\/usu683\/2021\/10\/WhatsApp-Image-2021-10-13-at-14.02.32.jpeg 1600w\" sizes=\"auto, (max-width: 723px) 100vw, 723px\" \/><\/a><\/p>\n","protected":false},"excerpt":{"rendered":"<p>Aquestes \u00faltimes setmanes els nens i nenes de primer hem pogut gaudir de diferents tallers i racons de la tardor. Hem treballat la lectoescriptura a partir del vocabulari t\u00edpic de tardor i hem pogut fer diferents jocs com ara sopes de lletres, &#8220;memori&#8221; amb imatges&hellip;  <a href=\"https:\/\/agora.xtec.cat\/ceip-antoni-gaudi\/general\/1r-racons-i-tallers-de-tardor\/\" title=\"Read 1r &#8211; RACONS I TALLERS DE TARDOR\">Llegeix m\u00e9s\u00bb<\/a><\/p>\n","protected":false},"author":4,"featured_media":3770,"comment_status":"open","ping_status":"closed","sticky":false,"template":"","format":"standard","meta":{"_bbp_topic_count":0,"_bbp_reply_count":0,"_bbp_total_topic_count":0,"_bbp_total_reply_count":0,"_bbp_voice_count":0,"_bbp_anonymous_reply_count":0,"_bbp_topic_count_hidden":0,"_bbp_reply_count_hidden":0,"_bbp_forum_subforum_count":0,"footnotes":""},"categories":[1,10,4,229,5],"tags":[],"class_list":["post-3767","post","type-post","status-publish","format-standard","has-post-thumbnail","hentry","category-general","category-p1","category-portada","category-portada-portada","category-primaria"],"post_mailing_queue_ids":[],"_links":{"self":[{"href":"https:\/\/agora.xtec.cat\/ceip-antoni-gaudi\/wp-json\/wp\/v2\/posts\/3767","targetHints":{"allow":["GET"]}}],"collection":[{"href":"https:\/\/agora.xtec.cat\/ceip-antoni-gaudi\/wp-json\/wp\/v2\/posts"}],"about":[{"href":"https:\/\/agora.xtec.cat\/ceip-antoni-gaudi\/wp-json\/wp\/v2\/types\/post"}],"author":[{"embeddable":true,"href":"https:\/\/agora.xtec.cat\/ceip-antoni-gaudi\/wp-json\/wp\/v2\/users\/4"}],"replies":[{"embeddable":true,"href":"https:\/\/agora.xtec.cat\/ceip-antoni-gaudi\/wp-json\/wp\/v2\/comments?post=3767"}],"version-history":[{"count":1,"href":"https:\/\/agora.xtec.cat\/ceip-antoni-gaudi\/wp-json\/wp\/v2\/posts\/3767\/revisions"}],"predecessor-version":[{"id":3771,"href":"https:\/\/agora.xtec.cat\/ceip-antoni-gaudi\/wp-json\/wp\/v2\/posts\/3767\/revisions\/3771"}],"wp:featuredmedia":[{"embeddable":true,"href":"https:\/\/agora.xtec.cat\/ceip-antoni-gaudi\/wp-json\/wp\/v2\/media\/3770"}],"wp:attachment":[{"href":"https:\/\/agora.xtec.cat\/ceip-antoni-gaudi\/wp-json\/wp\/v2\/media?parent=3767"}],"wp:term":[{"taxonomy":"category","embeddable":true,"href":"https:\/\/agora.xtec.cat\/ceip-antoni-gaudi\/wp-json\/wp\/v2\/categories?post=3767"},{"taxonomy":"post_tag","embeddable":true,"href":"https:\/\/agora.xtec.cat\/ceip-antoni-gaudi\/wp-json\/wp\/v2\/tags?post=3767"}],"curies":[{"name":"wp","href":"https:\/\/api.w.org\/{rel}","templated":true}]}}