{"id":3750,"date":"2021-10-15T09:54:20","date_gmt":"2021-10-15T07:54:20","guid":{"rendered":"https:\/\/agora.xtec.cat\/ceip-antoni-gaudi\/?p=3750"},"modified":"2021-10-15T09:55:41","modified_gmt":"2021-10-15T07:55:41","slug":"triem-el-nom-de-la-classe","status":"publish","type":"post","link":"https:\/\/agora.xtec.cat\/ceip-antoni-gaudi\/general\/triem-el-nom-de-la-classe\/","title":{"rendered":"Triem el nom de la classe!"},"content":{"rendered":"<p>Els nens i les nenes de 6\u00e8 han triat els noms de les classes i han buscat informaci\u00f3 sobre aquests. Aquest any els alumnes i les alumnes de 6\u00e8 A seran les<strong> ESPURNES<\/strong>\ud83d\udd25, els de 6\u00e8 B seran els <strong>ELECTROIMANTS<\/strong>\ud83e\uddf2, i els de 6\u00e8 C seran els <strong>METEORITS<\/strong> \u2604.<\/p>\n<p>Cliqueu a la imatge per veure m\u00e9s.<\/p>\n<p><a href=\"https:\/\/photos.app.goo.gl\/xEETLuNr9oLVPAHu9\"><img loading=\"lazy\" decoding=\"async\" class=\"alignnone\" src=\"https:\/\/agora.xtec.cat\/ceip-antoni-gaudi\/wp-content\/uploads\/usu683\/2021\/10\/portada-nom-de-la-classe.jpg\" width=\"176\" height=\"235\" \/><\/a><\/p>\n","protected":false},"excerpt":{"rendered":"<p>Els nens i les nenes de 6\u00e8 han triat els noms de les classes i han buscat informaci\u00f3 sobre aquests. Aquest any els alumnes i les alumnes de 6\u00e8 A seran les ESPURNES\ud83d\udd25, els de 6\u00e8 B seran els ELECTROIMANTS\ud83e\uddf2, i els de 6\u00e8 C&hellip;  <a href=\"https:\/\/agora.xtec.cat\/ceip-antoni-gaudi\/general\/triem-el-nom-de-la-classe\/\" title=\"Read Triem el nom de la classe!\">Llegeix m\u00e9s\u00bb<\/a><\/p>\n","protected":false},"author":5,"featured_media":3751,"comment_status":"open","ping_status":"closed","sticky":false,"template":"","format":"standard","meta":{"_bbp_topic_count":0,"_bbp_reply_count":0,"_bbp_total_topic_count":0,"_bbp_total_reply_count":0,"_bbp_voice_count":0,"_bbp_anonymous_reply_count":0,"_bbp_topic_count_hidden":0,"_bbp_reply_count_hidden":0,"_bbp_forum_subforum_count":0,"footnotes":""},"categories":[1,15,4,229,5],"tags":[],"class_list":["post-3750","post","type-post","status-publish","format-standard","has-post-thumbnail","hentry","category-general","category-p6","category-portada","category-portada-portada","category-primaria"],"post_mailing_queue_ids":[],"_links":{"self":[{"href":"https:\/\/agora.xtec.cat\/ceip-antoni-gaudi\/wp-json\/wp\/v2\/posts\/3750","targetHints":{"allow":["GET"]}}],"collection":[{"href":"https:\/\/agora.xtec.cat\/ceip-antoni-gaudi\/wp-json\/wp\/v2\/posts"}],"about":[{"href":"https:\/\/agora.xtec.cat\/ceip-antoni-gaudi\/wp-json\/wp\/v2\/types\/post"}],"author":[{"embeddable":true,"href":"https:\/\/agora.xtec.cat\/ceip-antoni-gaudi\/wp-json\/wp\/v2\/users\/5"}],"replies":[{"embeddable":true,"href":"https:\/\/agora.xtec.cat\/ceip-antoni-gaudi\/wp-json\/wp\/v2\/comments?post=3750"}],"version-history":[{"count":3,"href":"https:\/\/agora.xtec.cat\/ceip-antoni-gaudi\/wp-json\/wp\/v2\/posts\/3750\/revisions"}],"predecessor-version":[{"id":3756,"href":"https:\/\/agora.xtec.cat\/ceip-antoni-gaudi\/wp-json\/wp\/v2\/posts\/3750\/revisions\/3756"}],"wp:featuredmedia":[{"embeddable":true,"href":"https:\/\/agora.xtec.cat\/ceip-antoni-gaudi\/wp-json\/wp\/v2\/media\/3751"}],"wp:attachment":[{"href":"https:\/\/agora.xtec.cat\/ceip-antoni-gaudi\/wp-json\/wp\/v2\/media?parent=3750"}],"wp:term":[{"taxonomy":"category","embeddable":true,"href":"https:\/\/agora.xtec.cat\/ceip-antoni-gaudi\/wp-json\/wp\/v2\/categories?post=3750"},{"taxonomy":"post_tag","embeddable":true,"href":"https:\/\/agora.xtec.cat\/ceip-antoni-gaudi\/wp-json\/wp\/v2\/tags?post=3750"}],"curies":[{"name":"wp","href":"https:\/\/api.w.org\/{rel}","templated":true}]}}