{"id":3746,"date":"2021-10-15T09:34:45","date_gmt":"2021-10-15T07:34:45","guid":{"rendered":"https:\/\/agora.xtec.cat\/ceip-antoni-gaudi\/?p=3746"},"modified":"2021-10-15T09:34:45","modified_gmt":"2021-10-15T07:34:45","slug":"a-4t-treballem-els-llancaments","status":"publish","type":"post","link":"https:\/\/agora.xtec.cat\/ceip-antoni-gaudi\/general\/a-4t-treballem-els-llancaments\/","title":{"rendered":"A 4t treballem els llan\u00e7aments!"},"content":{"rendered":"<p><span style=\"font-family: inherit; font-size: 1em;\">Els i les alumnes de 4t estem treballant <strong>els llan\u00e7aments\u26bd\ud83c\udfc0\ud83c\udfd0<\/strong> a les classes d&#8217;<strong>educaci\u00f3 f\u00edsica<\/strong>! Ens ho passem superb\u00e9 i al mateix temps fem exercici, que \u00e9s molt important per la salut!<\/p>\n<p>I \u00e9s que&#8230; com ens agraden aquestes classes!!!<\/span>\ud83d\ude01<\/p>\n<p><a href=\"https:\/\/photos.app.goo.gl\/uRHBUemu5HU9mwXM7\" target=\"_blank\" rel=\"noopener\"><img loading=\"lazy\" decoding=\"async\" class=\"aligncenter size-medium wp-image-3747\" src=\"https:\/\/agora.xtec.cat\/ceip-antoni-gaudi\/wp-content\/uploads\/usu683\/2021\/10\/735507bc-982d-440f-a540-93fcf8b219c2-300x300.jpg\" alt=\"\" width=\"300\" height=\"300\" srcset=\"https:\/\/agora.xtec.cat\/ceip-antoni-gaudi\/wp-content\/uploads\/usu683\/2021\/10\/735507bc-982d-440f-a540-93fcf8b219c2-300x300.jpg 300w, https:\/\/agora.xtec.cat\/ceip-antoni-gaudi\/wp-content\/uploads\/usu683\/2021\/10\/735507bc-982d-440f-a540-93fcf8b219c2-1024x1024.jpg 1024w, https:\/\/agora.xtec.cat\/ceip-antoni-gaudi\/wp-content\/uploads\/usu683\/2021\/10\/735507bc-982d-440f-a540-93fcf8b219c2-150x150.jpg 150w, https:\/\/agora.xtec.cat\/ceip-antoni-gaudi\/wp-content\/uploads\/usu683\/2021\/10\/735507bc-982d-440f-a540-93fcf8b219c2-768x768.jpg 768w, https:\/\/agora.xtec.cat\/ceip-antoni-gaudi\/wp-content\/uploads\/usu683\/2021\/10\/735507bc-982d-440f-a540-93fcf8b219c2-1536x1536.jpg 1536w, https:\/\/agora.xtec.cat\/ceip-antoni-gaudi\/wp-content\/uploads\/usu683\/2021\/10\/735507bc-982d-440f-a540-93fcf8b219c2.jpg 1600w\" sizes=\"auto, (max-width: 300px) 100vw, 300px\" \/><\/a><\/p>\n","protected":false},"excerpt":{"rendered":"<p>Els i les alumnes de 4t estem treballant els llan\u00e7aments\u26bd\ud83c\udfc0\ud83c\udfd0 a les classes d&#8217;educaci\u00f3 f\u00edsica! Ens ho passem superb\u00e9 i al mateix temps fem exercici, que \u00e9s molt important per la salut!<br \/>\nI \u00e9s que&#8230; com ens agraden aquestes classes!!!\ud83d\ude01<br \/>\n<a href=\"https:\/\/photos.app.goo.gl\/uRHBUemu5HU9mwXM7\" target=\"_blank\" rel=\"noopener\"><\/a><\/p>\n","protected":false},"author":3,"featured_media":3747,"comment_status":"open","ping_status":"closed","sticky":false,"template":"","format":"standard","meta":{"_bbp_topic_count":0,"_bbp_reply_count":0,"_bbp_total_topic_count":0,"_bbp_total_reply_count":0,"_bbp_voice_count":0,"_bbp_anonymous_reply_count":0,"_bbp_topic_count_hidden":0,"_bbp_reply_count_hidden":0,"_bbp_forum_subforum_count":0,"footnotes":""},"categories":[1,13,4,229,5],"tags":[],"class_list":["post-3746","post","type-post","status-publish","format-standard","has-post-thumbnail","hentry","category-general","category-p4","category-portada","category-portada-portada","category-primaria"],"post_mailing_queue_ids":[],"_links":{"self":[{"href":"https:\/\/agora.xtec.cat\/ceip-antoni-gaudi\/wp-json\/wp\/v2\/posts\/3746","targetHints":{"allow":["GET"]}}],"collection":[{"href":"https:\/\/agora.xtec.cat\/ceip-antoni-gaudi\/wp-json\/wp\/v2\/posts"}],"about":[{"href":"https:\/\/agora.xtec.cat\/ceip-antoni-gaudi\/wp-json\/wp\/v2\/types\/post"}],"author":[{"embeddable":true,"href":"https:\/\/agora.xtec.cat\/ceip-antoni-gaudi\/wp-json\/wp\/v2\/users\/3"}],"replies":[{"embeddable":true,"href":"https:\/\/agora.xtec.cat\/ceip-antoni-gaudi\/wp-json\/wp\/v2\/comments?post=3746"}],"version-history":[{"count":2,"href":"https:\/\/agora.xtec.cat\/ceip-antoni-gaudi\/wp-json\/wp\/v2\/posts\/3746\/revisions"}],"predecessor-version":[{"id":3749,"href":"https:\/\/agora.xtec.cat\/ceip-antoni-gaudi\/wp-json\/wp\/v2\/posts\/3746\/revisions\/3749"}],"wp:featuredmedia":[{"embeddable":true,"href":"https:\/\/agora.xtec.cat\/ceip-antoni-gaudi\/wp-json\/wp\/v2\/media\/3747"}],"wp:attachment":[{"href":"https:\/\/agora.xtec.cat\/ceip-antoni-gaudi\/wp-json\/wp\/v2\/media?parent=3746"}],"wp:term":[{"taxonomy":"category","embeddable":true,"href":"https:\/\/agora.xtec.cat\/ceip-antoni-gaudi\/wp-json\/wp\/v2\/categories?post=3746"},{"taxonomy":"post_tag","embeddable":true,"href":"https:\/\/agora.xtec.cat\/ceip-antoni-gaudi\/wp-json\/wp\/v2\/tags?post=3746"}],"curies":[{"name":"wp","href":"https:\/\/api.w.org\/{rel}","templated":true}]}}