{"id":3743,"date":"2021-10-15T17:54:39","date_gmt":"2021-10-15T15:54:39","guid":{"rendered":"https:\/\/agora.xtec.cat\/ceip-antoni-gaudi\/?p=3743"},"modified":"2021-10-15T17:54:39","modified_gmt":"2021-10-15T15:54:39","slug":"dia-mundial-de-laturada-cardiaca","status":"publish","type":"post","link":"https:\/\/agora.xtec.cat\/ceip-antoni-gaudi\/general\/dia-mundial-de-laturada-cardiaca\/","title":{"rendered":"DIA MUNDIAL DE L&#8217;ATURADA CARD\u00cdACA"},"content":{"rendered":"<p style=\"text-align: justify;\">Dem\u00e0 dissabte dia 16 d&#8217;octubre \u00e9s el <span style=\"color: #ff0000;\"><strong>dia mundial de l&#8217;aturada card\u00edaca<\/strong><\/span>, des de l&#8217;escola considerem que \u00e9s molt important la conscienciaci\u00f3 de tothom, petits i grans, i per aix\u00f2 durant el dia d&#8217;avui hem fet propostes d&#8217;activitats per treballar el tema i fer-ho visible als infants.<\/p>\n<p style=\"text-align: justify;\">A continuaci\u00f3 us deixem un recull de fotografies!<\/p>\n<p><a href=\"https:\/\/photos.app.goo.gl\/uizbuNNhfzugxt6L9\"><br \/>\n<img loading=\"lazy\" decoding=\"async\" class=\"aligncenter wp-image-3744\" src=\"https:\/\/agora.xtec.cat\/ceip-antoni-gaudi\/wp-content\/uploads\/usu683\/2021\/10\/WhatsApp-Image-2021-10-14-at-10.55.22.jpeg\" alt=\"\" width=\"370\" height=\"297\" srcset=\"https:\/\/agora.xtec.cat\/ceip-antoni-gaudi\/wp-content\/uploads\/usu683\/2021\/10\/WhatsApp-Image-2021-10-14-at-10.55.22.jpeg 2048w, https:\/\/agora.xtec.cat\/ceip-antoni-gaudi\/wp-content\/uploads\/usu683\/2021\/10\/WhatsApp-Image-2021-10-14-at-10.55.22-300x241.jpeg 300w, https:\/\/agora.xtec.cat\/ceip-antoni-gaudi\/wp-content\/uploads\/usu683\/2021\/10\/WhatsApp-Image-2021-10-14-at-10.55.22-1024x821.jpeg 1024w, https:\/\/agora.xtec.cat\/ceip-antoni-gaudi\/wp-content\/uploads\/usu683\/2021\/10\/WhatsApp-Image-2021-10-14-at-10.55.22-768x616.jpeg 768w, https:\/\/agora.xtec.cat\/ceip-antoni-gaudi\/wp-content\/uploads\/usu683\/2021\/10\/WhatsApp-Image-2021-10-14-at-10.55.22-1536x1232.jpeg 1536w\" sizes=\"auto, (max-width: 370px) 100vw, 370px\" \/><\/a><\/p>\n","protected":false},"excerpt":{"rendered":"<p>Dem\u00e0 dissabte dia 16 d&#8217;octubre \u00e9s el dia mundial de l&#8217;aturada card\u00edaca, des de l&#8217;escola considerem que \u00e9s molt important la conscienciaci\u00f3 de tothom, petits i grans, i per aix\u00f2 durant el dia d&#8217;avui hem fet propostes d&#8217;activitats per treballar el tema i fer-ho visible&hellip;  <a href=\"https:\/\/agora.xtec.cat\/ceip-antoni-gaudi\/general\/dia-mundial-de-laturada-cardiaca\/\" title=\"Read DIA MUNDIAL DE L&#8217;ATURADA CARD\u00cdACA\">Llegeix m\u00e9s\u00bb<\/a><\/p>\n","protected":false},"author":6,"featured_media":516,"comment_status":"open","ping_status":"closed","sticky":false,"template":"","format":"standard","meta":{"_bbp_topic_count":0,"_bbp_reply_count":0,"_bbp_total_topic_count":0,"_bbp_total_reply_count":0,"_bbp_voice_count":0,"_bbp_anonymous_reply_count":0,"_bbp_topic_count_hidden":0,"_bbp_reply_count_hidden":0,"_bbp_forum_subforum_count":0,"footnotes":""},"categories":[1,3,8,9,2,4],"tags":[],"class_list":["post-3743","post","type-post","status-publish","format-standard","has-post-thumbnail","hentry","category-general","category-i3","category-i4","category-i5","category-infantil","category-portada"],"post_mailing_queue_ids":[],"_links":{"self":[{"href":"https:\/\/agora.xtec.cat\/ceip-antoni-gaudi\/wp-json\/wp\/v2\/posts\/3743","targetHints":{"allow":["GET"]}}],"collection":[{"href":"https:\/\/agora.xtec.cat\/ceip-antoni-gaudi\/wp-json\/wp\/v2\/posts"}],"about":[{"href":"https:\/\/agora.xtec.cat\/ceip-antoni-gaudi\/wp-json\/wp\/v2\/types\/post"}],"author":[{"embeddable":true,"href":"https:\/\/agora.xtec.cat\/ceip-antoni-gaudi\/wp-json\/wp\/v2\/users\/6"}],"replies":[{"embeddable":true,"href":"https:\/\/agora.xtec.cat\/ceip-antoni-gaudi\/wp-json\/wp\/v2\/comments?post=3743"}],"version-history":[{"count":2,"href":"https:\/\/agora.xtec.cat\/ceip-antoni-gaudi\/wp-json\/wp\/v2\/posts\/3743\/revisions"}],"predecessor-version":[{"id":3761,"href":"https:\/\/agora.xtec.cat\/ceip-antoni-gaudi\/wp-json\/wp\/v2\/posts\/3743\/revisions\/3761"}],"wp:featuredmedia":[{"embeddable":true,"href":"https:\/\/agora.xtec.cat\/ceip-antoni-gaudi\/wp-json\/wp\/v2\/media\/516"}],"wp:attachment":[{"href":"https:\/\/agora.xtec.cat\/ceip-antoni-gaudi\/wp-json\/wp\/v2\/media?parent=3743"}],"wp:term":[{"taxonomy":"category","embeddable":true,"href":"https:\/\/agora.xtec.cat\/ceip-antoni-gaudi\/wp-json\/wp\/v2\/categories?post=3743"},{"taxonomy":"post_tag","embeddable":true,"href":"https:\/\/agora.xtec.cat\/ceip-antoni-gaudi\/wp-json\/wp\/v2\/tags?post=3743"}],"curies":[{"name":"wp","href":"https:\/\/api.w.org\/{rel}","templated":true}]}}