{"id":3726,"date":"2021-10-07T16:23:54","date_gmt":"2021-10-07T14:23:54","guid":{"rendered":"https:\/\/agora.xtec.cat\/ceip-antoni-gaudi\/?p=3726"},"modified":"2021-10-07T16:30:35","modified_gmt":"2021-10-07T14:30:35","slug":"art-de-tardor-a-p5","status":"publish","type":"post","link":"https:\/\/agora.xtec.cat\/ceip-antoni-gaudi\/general\/art-de-tardor-a-p5\/","title":{"rendered":"ART DE TARDOR A P5"},"content":{"rendered":"<p>Aquesta setmana hem comen\u00e7at a treballar <span style=\"color: #ff6600;\"><strong>la tardor<\/strong><\/span>, una de les activitats que hem fet \u00e9s pintar amb pintura fruites d&#8217;aquesta estaci\u00f3. Ens agrada molt agafar un pinzell i deixar-nos anar, aqu\u00ed us deixem unes imatges.<\/p>\n<p><a href=\"https:\/\/photos.app.goo.gl\/GfLeBNc2Ztb91E8w5\"><img loading=\"lazy\" decoding=\"async\" class=\"wp-image-3727 aligncenter\" src=\"https:\/\/agora.xtec.cat\/ceip-antoni-gaudi\/wp-content\/uploads\/usu683\/2021\/10\/4b0d3fc0-1b52-424d-bc15-be73be704f52.jpg\" alt=\"\" width=\"442\" height=\"247\" srcset=\"https:\/\/agora.xtec.cat\/ceip-antoni-gaudi\/wp-content\/uploads\/usu683\/2021\/10\/4b0d3fc0-1b52-424d-bc15-be73be704f52.jpg 1600w, https:\/\/agora.xtec.cat\/ceip-antoni-gaudi\/wp-content\/uploads\/usu683\/2021\/10\/4b0d3fc0-1b52-424d-bc15-be73be704f52-300x167.jpg 300w, https:\/\/agora.xtec.cat\/ceip-antoni-gaudi\/wp-content\/uploads\/usu683\/2021\/10\/4b0d3fc0-1b52-424d-bc15-be73be704f52-1024x572.jpg 1024w, https:\/\/agora.xtec.cat\/ceip-antoni-gaudi\/wp-content\/uploads\/usu683\/2021\/10\/4b0d3fc0-1b52-424d-bc15-be73be704f52-768x429.jpg 768w, https:\/\/agora.xtec.cat\/ceip-antoni-gaudi\/wp-content\/uploads\/usu683\/2021\/10\/4b0d3fc0-1b52-424d-bc15-be73be704f52-1536x857.jpg 1536w\" sizes=\"auto, (max-width: 442px) 100vw, 442px\" \/><\/a><\/p>\n","protected":false},"excerpt":{"rendered":"<p>Aquesta setmana hem comen\u00e7at a treballar la tardor, una de les activitats que hem fet \u00e9s pintar amb pintura fruites d&#8217;aquesta estaci\u00f3. Ens agrada molt agafar un pinzell i deixar-nos anar, aqu\u00ed us deixem unes imatges.<br \/>\n<a href=\"https:\/\/photos.app.goo.gl\/GfLeBNc2Ztb91E8w5\"><\/a><\/p>\n","protected":false},"author":6,"featured_media":516,"comment_status":"open","ping_status":"closed","sticky":false,"template":"","format":"standard","meta":{"_bbp_topic_count":0,"_bbp_reply_count":0,"_bbp_total_topic_count":0,"_bbp_total_reply_count":0,"_bbp_voice_count":0,"_bbp_anonymous_reply_count":0,"_bbp_topic_count_hidden":0,"_bbp_reply_count_hidden":0,"_bbp_forum_subforum_count":0,"footnotes":""},"categories":[1,9,2,4],"tags":[],"class_list":["post-3726","post","type-post","status-publish","format-standard","has-post-thumbnail","hentry","category-general","category-i5","category-infantil","category-portada"],"post_mailing_queue_ids":[],"_links":{"self":[{"href":"https:\/\/agora.xtec.cat\/ceip-antoni-gaudi\/wp-json\/wp\/v2\/posts\/3726","targetHints":{"allow":["GET"]}}],"collection":[{"href":"https:\/\/agora.xtec.cat\/ceip-antoni-gaudi\/wp-json\/wp\/v2\/posts"}],"about":[{"href":"https:\/\/agora.xtec.cat\/ceip-antoni-gaudi\/wp-json\/wp\/v2\/types\/post"}],"author":[{"embeddable":true,"href":"https:\/\/agora.xtec.cat\/ceip-antoni-gaudi\/wp-json\/wp\/v2\/users\/6"}],"replies":[{"embeddable":true,"href":"https:\/\/agora.xtec.cat\/ceip-antoni-gaudi\/wp-json\/wp\/v2\/comments?post=3726"}],"version-history":[{"count":3,"href":"https:\/\/agora.xtec.cat\/ceip-antoni-gaudi\/wp-json\/wp\/v2\/posts\/3726\/revisions"}],"predecessor-version":[{"id":3730,"href":"https:\/\/agora.xtec.cat\/ceip-antoni-gaudi\/wp-json\/wp\/v2\/posts\/3726\/revisions\/3730"}],"wp:featuredmedia":[{"embeddable":true,"href":"https:\/\/agora.xtec.cat\/ceip-antoni-gaudi\/wp-json\/wp\/v2\/media\/516"}],"wp:attachment":[{"href":"https:\/\/agora.xtec.cat\/ceip-antoni-gaudi\/wp-json\/wp\/v2\/media?parent=3726"}],"wp:term":[{"taxonomy":"category","embeddable":true,"href":"https:\/\/agora.xtec.cat\/ceip-antoni-gaudi\/wp-json\/wp\/v2\/categories?post=3726"},{"taxonomy":"post_tag","embeddable":true,"href":"https:\/\/agora.xtec.cat\/ceip-antoni-gaudi\/wp-json\/wp\/v2\/tags?post=3726"}],"curies":[{"name":"wp","href":"https:\/\/api.w.org\/{rel}","templated":true}]}}