{"id":3721,"date":"2021-10-07T16:07:33","date_gmt":"2021-10-07T14:07:33","guid":{"rendered":"https:\/\/agora.xtec.cat\/ceip-antoni-gaudi\/?p=3721"},"modified":"2021-10-07T16:07:33","modified_gmt":"2021-10-07T14:07:33","slug":"biblioteca-mobil-a-1r","status":"publish","type":"post","link":"https:\/\/agora.xtec.cat\/ceip-antoni-gaudi\/general\/biblioteca-mobil-a-1r\/","title":{"rendered":"BIBLIOTECA M\u00d2BIL A 1r"},"content":{"rendered":"<p>Els nens i nenes de primer cada dia abans de pati fem una estona de lectura on combinem la lectura individual de contes que tenim a la classe amb la lectura col\u00b7lectiva amb contes que ens expliquen les mestres.<\/p>\n<p>Els divendres per\u00f2 \u00e9s un dia especial ja que tenim la BIBLIOTECA M\u00d2BIL. En aquesta biblioteca que passeja per tot el passad\u00eds de mitjans hi podem trobar llibres molt divertits i curiosos on podem con\u00e8ixer i descobrir el m\u00f3n de les ci\u00e8ncies, la natura, els animals, els volcans&#8230; i moltes coses m\u00e9s! S\u00f3n llibres amb molts dibuixos i imatges i ens agraden molt!<\/p>\n<p><a href=\"https:\/\/photos.app.goo.gl\/HHCi2c4dHJFssDSC6\" target=\"_blank\" rel=\"noopener\"><img loading=\"lazy\" decoding=\"async\" class=\"aligncenter  wp-image-3723\" src=\"https:\/\/agora.xtec.cat\/ceip-antoni-gaudi\/wp-content\/uploads\/usu683\/2021\/10\/WhatsApp-Image-2021-10-07-at-15.42.47-768x1024.jpeg\" alt=\"\" width=\"428\" height=\"570\" srcset=\"https:\/\/agora.xtec.cat\/ceip-antoni-gaudi\/wp-content\/uploads\/usu683\/2021\/10\/WhatsApp-Image-2021-10-07-at-15.42.47-768x1024.jpeg 768w, https:\/\/agora.xtec.cat\/ceip-antoni-gaudi\/wp-content\/uploads\/usu683\/2021\/10\/WhatsApp-Image-2021-10-07-at-15.42.47-225x300.jpeg 225w, https:\/\/agora.xtec.cat\/ceip-antoni-gaudi\/wp-content\/uploads\/usu683\/2021\/10\/WhatsApp-Image-2021-10-07-at-15.42.47-1152x1536.jpeg 1152w, https:\/\/agora.xtec.cat\/ceip-antoni-gaudi\/wp-content\/uploads\/usu683\/2021\/10\/WhatsApp-Image-2021-10-07-at-15.42.47.jpeg 1500w\" sizes=\"auto, (max-width: 428px) 100vw, 428px\" \/><\/a><\/p>\n<p>&nbsp;<\/p>\n<p>&nbsp;<\/p>\n<p>&nbsp;<\/p>\n","protected":false},"excerpt":{"rendered":"<p>Els nens i nenes de primer cada dia abans de pati fem una estona de lectura on combinem la lectura individual de contes que tenim a la classe amb la lectura col\u00b7lectiva amb contes que ens expliquen les mestres.<br \/>\nEls divendres per\u00f2 \u00e9s un dia especial&hellip;  <a href=\"https:\/\/agora.xtec.cat\/ceip-antoni-gaudi\/general\/biblioteca-mobil-a-1r\/\" title=\"Read BIBLIOTECA M\u00d2BIL A 1r\">Llegeix m\u00e9s\u00bb<\/a><\/p>\n","protected":false},"author":4,"featured_media":516,"comment_status":"open","ping_status":"closed","sticky":false,"template":"","format":"standard","meta":{"_bbp_topic_count":0,"_bbp_reply_count":0,"_bbp_total_topic_count":0,"_bbp_total_reply_count":0,"_bbp_voice_count":0,"_bbp_anonymous_reply_count":0,"_bbp_topic_count_hidden":0,"_bbp_reply_count_hidden":0,"_bbp_forum_subforum_count":0,"footnotes":""},"categories":[1,10,4,229,5],"tags":[],"class_list":["post-3721","post","type-post","status-publish","format-standard","has-post-thumbnail","hentry","category-general","category-p1","category-portada","category-portada-portada","category-primaria"],"post_mailing_queue_ids":[],"_links":{"self":[{"href":"https:\/\/agora.xtec.cat\/ceip-antoni-gaudi\/wp-json\/wp\/v2\/posts\/3721","targetHints":{"allow":["GET"]}}],"collection":[{"href":"https:\/\/agora.xtec.cat\/ceip-antoni-gaudi\/wp-json\/wp\/v2\/posts"}],"about":[{"href":"https:\/\/agora.xtec.cat\/ceip-antoni-gaudi\/wp-json\/wp\/v2\/types\/post"}],"author":[{"embeddable":true,"href":"https:\/\/agora.xtec.cat\/ceip-antoni-gaudi\/wp-json\/wp\/v2\/users\/4"}],"replies":[{"embeddable":true,"href":"https:\/\/agora.xtec.cat\/ceip-antoni-gaudi\/wp-json\/wp\/v2\/comments?post=3721"}],"version-history":[{"count":3,"href":"https:\/\/agora.xtec.cat\/ceip-antoni-gaudi\/wp-json\/wp\/v2\/posts\/3721\/revisions"}],"predecessor-version":[{"id":3725,"href":"https:\/\/agora.xtec.cat\/ceip-antoni-gaudi\/wp-json\/wp\/v2\/posts\/3721\/revisions\/3725"}],"wp:featuredmedia":[{"embeddable":true,"href":"https:\/\/agora.xtec.cat\/ceip-antoni-gaudi\/wp-json\/wp\/v2\/media\/516"}],"wp:attachment":[{"href":"https:\/\/agora.xtec.cat\/ceip-antoni-gaudi\/wp-json\/wp\/v2\/media?parent=3721"}],"wp:term":[{"taxonomy":"category","embeddable":true,"href":"https:\/\/agora.xtec.cat\/ceip-antoni-gaudi\/wp-json\/wp\/v2\/categories?post=3721"},{"taxonomy":"post_tag","embeddable":true,"href":"https:\/\/agora.xtec.cat\/ceip-antoni-gaudi\/wp-json\/wp\/v2\/tags?post=3721"}],"curies":[{"name":"wp","href":"https:\/\/api.w.org\/{rel}","templated":true}]}}