{"id":3713,"date":"2021-10-07T16:24:59","date_gmt":"2021-10-07T14:24:59","guid":{"rendered":"https:\/\/agora.xtec.cat\/ceip-antoni-gaudi\/?p=3713"},"modified":"2021-10-07T16:26:19","modified_gmt":"2021-10-07T14:26:19","slug":"grafisme-a-p3","status":"publish","type":"post","link":"https:\/\/agora.xtec.cat\/ceip-antoni-gaudi\/general\/grafisme-a-p3\/","title":{"rendered":"GRAFISME A P3"},"content":{"rendered":"<p>Els m\u00e9s petits de l&#8217;escola ens hem iniciat en el <span style=\"color: #99cc00;\"><strong>grafisme i el tra\u00e7<\/strong><\/span> d&#8217;una manera l\u00fadica! Hem manipulant i experimentant amb diferents materials com: <strong><span style=\"color: #cc99ff;\"><span style=\"color: #000000;\">sal de<\/span> <span style=\"color: #00ccff;\">co<\/span><\/span><\/strong><span style=\"color: #ffff00;\"><strong style=\"font-family: inherit; font-size: 1em;\">lo<\/strong><\/span><span style=\"color: #ff0000;\"><strong>rs<\/strong><\/span><strong style=\"font-family: inherit; font-size: 1em;\"><span style=\"color: #cc99ff;\">,<\/span><\/strong><span style=\"font-family: inherit; font-size: 1em;\"><strong><span style=\"color: #cc99ff;\"> arr\u00f2s<\/span>, <span style=\"color: #808080;\">paper<\/span><\/strong>&#8230; Hem pogut fer les nostres propies creacions i gaudir de les diferents textures! <\/span><span style=\"font-family: inherit; font-size: 1em;\">Ens ha agradat molt!!<\/span><\/p>\n<p>Aquesta metodologia ens permet progressar en el nostre domini del moviment i la coordinaci\u00f3, mentre practiquem sensorialment les nostres habilitats.<\/p>\n<p>A continuaci\u00f3, us deixem un recull d&#8217;imatges!<\/p>\n<p><a href=\"https:\/\/photos.app.goo.gl\/sbJXQZ9Xm6nkBb4n7\"><img loading=\"lazy\" decoding=\"async\" class=\"wp-image-3715 aligncenter\" src=\"https:\/\/agora.xtec.cat\/ceip-antoni-gaudi\/wp-content\/uploads\/usu683\/2021\/10\/bf052e2f-59cf-4def-915c-4e42f606454f.jpg\" alt=\"\" width=\"216\" height=\"288\" srcset=\"https:\/\/agora.xtec.cat\/ceip-antoni-gaudi\/wp-content\/uploads\/usu683\/2021\/10\/bf052e2f-59cf-4def-915c-4e42f606454f.jpg 768w, https:\/\/agora.xtec.cat\/ceip-antoni-gaudi\/wp-content\/uploads\/usu683\/2021\/10\/bf052e2f-59cf-4def-915c-4e42f606454f-225x300.jpg 225w\" sizes=\"auto, (max-width: 216px) 100vw, 216px\" \/><\/a><\/p>\n","protected":false},"excerpt":{"rendered":"<p>Els m\u00e9s petits de l&#8217;escola ens hem iniciat en el grafisme i el tra\u00e7 d&#8217;una manera l\u00fadica! Hem manipulant i experimentant amb diferents materials com: sal de colors, arr\u00f2s, paper&#8230; Hem pogut fer les nostres propies creacions i gaudir de les diferents textures! Ens ha&hellip;  <a href=\"https:\/\/agora.xtec.cat\/ceip-antoni-gaudi\/general\/grafisme-a-p3\/\" title=\"Read GRAFISME A P3\">Llegeix m\u00e9s\u00bb<\/a><\/p>\n","protected":false},"author":6,"featured_media":516,"comment_status":"open","ping_status":"closed","sticky":false,"template":"","format":"standard","meta":{"_bbp_topic_count":0,"_bbp_reply_count":0,"_bbp_total_topic_count":0,"_bbp_total_reply_count":0,"_bbp_voice_count":0,"_bbp_anonymous_reply_count":0,"_bbp_topic_count_hidden":0,"_bbp_reply_count_hidden":0,"_bbp_forum_subforum_count":0,"footnotes":""},"categories":[1,3,2,4],"tags":[],"class_list":["post-3713","post","type-post","status-publish","format-standard","has-post-thumbnail","hentry","category-general","category-i3","category-infantil","category-portada"],"post_mailing_queue_ids":[],"_links":{"self":[{"href":"https:\/\/agora.xtec.cat\/ceip-antoni-gaudi\/wp-json\/wp\/v2\/posts\/3713","targetHints":{"allow":["GET"]}}],"collection":[{"href":"https:\/\/agora.xtec.cat\/ceip-antoni-gaudi\/wp-json\/wp\/v2\/posts"}],"about":[{"href":"https:\/\/agora.xtec.cat\/ceip-antoni-gaudi\/wp-json\/wp\/v2\/types\/post"}],"author":[{"embeddable":true,"href":"https:\/\/agora.xtec.cat\/ceip-antoni-gaudi\/wp-json\/wp\/v2\/users\/6"}],"replies":[{"embeddable":true,"href":"https:\/\/agora.xtec.cat\/ceip-antoni-gaudi\/wp-json\/wp\/v2\/comments?post=3713"}],"version-history":[{"count":3,"href":"https:\/\/agora.xtec.cat\/ceip-antoni-gaudi\/wp-json\/wp\/v2\/posts\/3713\/revisions"}],"predecessor-version":[{"id":3719,"href":"https:\/\/agora.xtec.cat\/ceip-antoni-gaudi\/wp-json\/wp\/v2\/posts\/3713\/revisions\/3719"}],"wp:featuredmedia":[{"embeddable":true,"href":"https:\/\/agora.xtec.cat\/ceip-antoni-gaudi\/wp-json\/wp\/v2\/media\/516"}],"wp:attachment":[{"href":"https:\/\/agora.xtec.cat\/ceip-antoni-gaudi\/wp-json\/wp\/v2\/media?parent=3713"}],"wp:term":[{"taxonomy":"category","embeddable":true,"href":"https:\/\/agora.xtec.cat\/ceip-antoni-gaudi\/wp-json\/wp\/v2\/categories?post=3713"},{"taxonomy":"post_tag","embeddable":true,"href":"https:\/\/agora.xtec.cat\/ceip-antoni-gaudi\/wp-json\/wp\/v2\/tags?post=3713"}],"curies":[{"name":"wp","href":"https:\/\/api.w.org\/{rel}","templated":true}]}}