{"id":3706,"date":"2021-10-07T16:24:44","date_gmt":"2021-10-07T14:24:44","guid":{"rendered":"https:\/\/agora.xtec.cat\/ceip-antoni-gaudi\/?p=3706"},"modified":"2021-10-07T16:27:28","modified_gmt":"2021-10-07T14:27:28","slug":"a-p4-pintem-la-tardor","status":"publish","type":"post","link":"https:\/\/agora.xtec.cat\/ceip-antoni-gaudi\/general\/a-p4-pintem-la-tardor\/","title":{"rendered":"A P4 PINTEM LA TARDOR!"},"content":{"rendered":"<p>Ja som a la <strong><span style=\"color: #ff9900;\">tardor<\/span><\/strong> i, poc a poc, comen\u00e7arem a veure canvis en el paisatge: les fulles canviaran de color, cauran i el que ara \u00e9s de color <span style=\"color: #339966;\"><strong>verd<\/strong>,<\/span> mica en mica, es convertir\u00e0 en <strong><span style=\"color: #ffcc00;\">groc,<\/span> <span style=\"color: #ff6600;\">taronja,<\/span> <span style=\"color: #ff0000;\">vermell<\/span> i <span style=\"color: #333300;\"><span style=\"color: #993300;\">marr\u00f3<\/span>.<\/span>..<\/strong><\/p>\n<p><strong>A P4,<\/strong> els nens i nenes hem pintat un <strong><span style=\"color: #ff9900;\">arbre de la tardor!<\/span> <\/strong>Aquesta vegada no hem fet servir els pinzells&#8230; Fitxeu-vos b\u00e9 en quin estri hem utitlitzat! Ens ha agradat molt\u00edssim!<\/p>\n<p>A continuaci\u00f3 us deixem un recull d&#8217;imatges.<\/p>\n<p><a href=\"https:\/\/photos.app.goo.gl\/QXia4LwGFMp5LC9T8\"><img loading=\"lazy\" decoding=\"async\" class=\"wp-image-3708 aligncenter\" src=\"https:\/\/agora.xtec.cat\/ceip-antoni-gaudi\/wp-content\/uploads\/usu683\/2021\/10\/IMG_8271-scaled.jpg\" alt=\"\" width=\"155\" height=\"207\" srcset=\"https:\/\/agora.xtec.cat\/ceip-antoni-gaudi\/wp-content\/uploads\/usu683\/2021\/10\/IMG_8271-scaled.jpg 1920w, https:\/\/agora.xtec.cat\/ceip-antoni-gaudi\/wp-content\/uploads\/usu683\/2021\/10\/IMG_8271-225x300.jpg 225w, https:\/\/agora.xtec.cat\/ceip-antoni-gaudi\/wp-content\/uploads\/usu683\/2021\/10\/IMG_8271-768x1024.jpg 768w, https:\/\/agora.xtec.cat\/ceip-antoni-gaudi\/wp-content\/uploads\/usu683\/2021\/10\/IMG_8271-1152x1536.jpg 1152w, https:\/\/agora.xtec.cat\/ceip-antoni-gaudi\/wp-content\/uploads\/usu683\/2021\/10\/IMG_8271-1536x2048.jpg 1536w\" sizes=\"auto, (max-width: 155px) 100vw, 155px\" \/><\/a><\/p>\n","protected":false},"excerpt":{"rendered":"<p>Ja som a la tardor i, poc a poc, comen\u00e7arem a veure canvis en el paisatge: les fulles canviaran de color, cauran i el que ara \u00e9s de color verd, mica en mica, es convertir\u00e0 en groc, taronja, vermell i marr\u00f3&#8230;<br \/>\nA P4, els nens i&hellip;  <a href=\"https:\/\/agora.xtec.cat\/ceip-antoni-gaudi\/general\/a-p4-pintem-la-tardor\/\" title=\"Read A P4 PINTEM LA TARDOR!\">Llegeix m\u00e9s\u00bb<\/a><\/p>\n","protected":false},"author":6,"featured_media":516,"comment_status":"open","ping_status":"closed","sticky":false,"template":"","format":"standard","meta":{"_bbp_topic_count":0,"_bbp_reply_count":0,"_bbp_total_topic_count":0,"_bbp_total_reply_count":0,"_bbp_voice_count":0,"_bbp_anonymous_reply_count":0,"_bbp_topic_count_hidden":0,"_bbp_reply_count_hidden":0,"_bbp_forum_subforum_count":0,"footnotes":""},"categories":[1,8,2,4],"tags":[],"class_list":["post-3706","post","type-post","status-publish","format-standard","has-post-thumbnail","hentry","category-general","category-i4","category-infantil","category-portada"],"post_mailing_queue_ids":[],"_links":{"self":[{"href":"https:\/\/agora.xtec.cat\/ceip-antoni-gaudi\/wp-json\/wp\/v2\/posts\/3706","targetHints":{"allow":["GET"]}}],"collection":[{"href":"https:\/\/agora.xtec.cat\/ceip-antoni-gaudi\/wp-json\/wp\/v2\/posts"}],"about":[{"href":"https:\/\/agora.xtec.cat\/ceip-antoni-gaudi\/wp-json\/wp\/v2\/types\/post"}],"author":[{"embeddable":true,"href":"https:\/\/agora.xtec.cat\/ceip-antoni-gaudi\/wp-json\/wp\/v2\/users\/6"}],"replies":[{"embeddable":true,"href":"https:\/\/agora.xtec.cat\/ceip-antoni-gaudi\/wp-json\/wp\/v2\/comments?post=3706"}],"version-history":[{"count":2,"href":"https:\/\/agora.xtec.cat\/ceip-antoni-gaudi\/wp-json\/wp\/v2\/posts\/3706\/revisions"}],"predecessor-version":[{"id":3720,"href":"https:\/\/agora.xtec.cat\/ceip-antoni-gaudi\/wp-json\/wp\/v2\/posts\/3706\/revisions\/3720"}],"wp:featuredmedia":[{"embeddable":true,"href":"https:\/\/agora.xtec.cat\/ceip-antoni-gaudi\/wp-json\/wp\/v2\/media\/516"}],"wp:attachment":[{"href":"https:\/\/agora.xtec.cat\/ceip-antoni-gaudi\/wp-json\/wp\/v2\/media?parent=3706"}],"wp:term":[{"taxonomy":"category","embeddable":true,"href":"https:\/\/agora.xtec.cat\/ceip-antoni-gaudi\/wp-json\/wp\/v2\/categories?post=3706"},{"taxonomy":"post_tag","embeddable":true,"href":"https:\/\/agora.xtec.cat\/ceip-antoni-gaudi\/wp-json\/wp\/v2\/tags?post=3706"}],"curies":[{"name":"wp","href":"https:\/\/api.w.org\/{rel}","templated":true}]}}