{"id":3663,"date":"2021-10-01T18:04:40","date_gmt":"2021-10-01T16:04:40","guid":{"rendered":"https:\/\/agora.xtec.cat\/ceip-antoni-gaudi\/?p=3663"},"modified":"2021-10-01T18:04:40","modified_gmt":"2021-10-01T16:04:40","slug":"a-p4-fem-psicomotricitat","status":"publish","type":"post","link":"https:\/\/agora.xtec.cat\/ceip-antoni-gaudi\/general\/a-p4-fem-psicomotricitat\/","title":{"rendered":"A P4 FEM PSICOMOTRICITAT!"},"content":{"rendered":"<p style=\"text-align: justify;\">Cada setmana, els nens i nenes de<strong><span style=\"color: #993366;\"> P4<\/span> <\/strong>anem a <strong><span style=\"color: #993366;\">la sala de psicomotricitat!<\/span><\/strong> All\u00e0 gaudim molt\u00edssim de les diferents propostes d&#8217;activitats i jocs que ens permetran anar desenvolupant les habilitats motores b\u00e0siques!<\/p>\n<p>A continuaci\u00f3 us deixem un recull de fotografies d&#8217;aquests primers dies!<\/p>\n<h6 style=\"text-align: justify;\"><a href=\"https:\/\/photos.app.goo.gl\/7xYQRH4Ruu2JgNAW7\"><img loading=\"lazy\" decoding=\"async\" class=\"wp-image-3670 aligncenter\" src=\"https:\/\/agora.xtec.cat\/ceip-antoni-gaudi\/wp-content\/uploads\/usu683\/2021\/09\/IMG_8033-scaled.jpg\" alt=\"\" width=\"283\" height=\"300\" srcset=\"https:\/\/agora.xtec.cat\/ceip-antoni-gaudi\/wp-content\/uploads\/usu683\/2021\/09\/IMG_8033-scaled.jpg 2416w, https:\/\/agora.xtec.cat\/ceip-antoni-gaudi\/wp-content\/uploads\/usu683\/2021\/09\/IMG_8033-283x300.jpg 283w, https:\/\/agora.xtec.cat\/ceip-antoni-gaudi\/wp-content\/uploads\/usu683\/2021\/09\/IMG_8033-966x1024.jpg 966w, https:\/\/agora.xtec.cat\/ceip-antoni-gaudi\/wp-content\/uploads\/usu683\/2021\/09\/IMG_8033-768x814.jpg 768w, https:\/\/agora.xtec.cat\/ceip-antoni-gaudi\/wp-content\/uploads\/usu683\/2021\/09\/IMG_8033-1449x1536.jpg 1449w, https:\/\/agora.xtec.cat\/ceip-antoni-gaudi\/wp-content\/uploads\/usu683\/2021\/09\/IMG_8033-1933x2048.jpg 1933w\" sizes=\"auto, (max-width: 283px) 100vw, 283px\" \/><\/a><\/h6>\n","protected":false},"excerpt":{"rendered":"<p>Cada setmana, els nens i nenes de P4 anem a la sala de psicomotricitat! All\u00e0 gaudim molt\u00edssim de les diferents propostes d&#8217;activitats i jocs que ens permetran anar desenvolupant les habilitats motores b\u00e0siques!<br \/>\nA continuaci\u00f3 us deixem un recull de fotografies d&#8217;aquests primers dies!<br \/>\n<a href=\"https:\/\/photos.app.goo.gl\/7xYQRH4Ruu2JgNAW7\"><\/a><\/p>\n","protected":false},"author":6,"featured_media":3670,"comment_status":"open","ping_status":"closed","sticky":false,"template":"","format":"standard","meta":{"_bbp_topic_count":0,"_bbp_reply_count":0,"_bbp_total_topic_count":0,"_bbp_total_reply_count":0,"_bbp_voice_count":0,"_bbp_anonymous_reply_count":0,"_bbp_topic_count_hidden":0,"_bbp_reply_count_hidden":0,"_bbp_forum_subforum_count":0,"footnotes":""},"categories":[1,8,2,4],"tags":[],"class_list":["post-3663","post","type-post","status-publish","format-standard","has-post-thumbnail","hentry","category-general","category-i4","category-infantil","category-portada"],"post_mailing_queue_ids":[],"_links":{"self":[{"href":"https:\/\/agora.xtec.cat\/ceip-antoni-gaudi\/wp-json\/wp\/v2\/posts\/3663","targetHints":{"allow":["GET"]}}],"collection":[{"href":"https:\/\/agora.xtec.cat\/ceip-antoni-gaudi\/wp-json\/wp\/v2\/posts"}],"about":[{"href":"https:\/\/agora.xtec.cat\/ceip-antoni-gaudi\/wp-json\/wp\/v2\/types\/post"}],"author":[{"embeddable":true,"href":"https:\/\/agora.xtec.cat\/ceip-antoni-gaudi\/wp-json\/wp\/v2\/users\/6"}],"replies":[{"embeddable":true,"href":"https:\/\/agora.xtec.cat\/ceip-antoni-gaudi\/wp-json\/wp\/v2\/comments?post=3663"}],"version-history":[{"count":3,"href":"https:\/\/agora.xtec.cat\/ceip-antoni-gaudi\/wp-json\/wp\/v2\/posts\/3663\/revisions"}],"predecessor-version":[{"id":3694,"href":"https:\/\/agora.xtec.cat\/ceip-antoni-gaudi\/wp-json\/wp\/v2\/posts\/3663\/revisions\/3694"}],"wp:featuredmedia":[{"embeddable":true,"href":"https:\/\/agora.xtec.cat\/ceip-antoni-gaudi\/wp-json\/wp\/v2\/media\/3670"}],"wp:attachment":[{"href":"https:\/\/agora.xtec.cat\/ceip-antoni-gaudi\/wp-json\/wp\/v2\/media?parent=3663"}],"wp:term":[{"taxonomy":"category","embeddable":true,"href":"https:\/\/agora.xtec.cat\/ceip-antoni-gaudi\/wp-json\/wp\/v2\/categories?post=3663"},{"taxonomy":"post_tag","embeddable":true,"href":"https:\/\/agora.xtec.cat\/ceip-antoni-gaudi\/wp-json\/wp\/v2\/tags?post=3663"}],"curies":[{"name":"wp","href":"https:\/\/api.w.org\/{rel}","templated":true}]}}