{"id":3636,"date":"2021-09-23T11:36:53","date_gmt":"2021-09-23T09:36:53","guid":{"rendered":"https:\/\/agora.xtec.cat\/ceip-antoni-gaudi\/?p=3636"},"modified":"2021-09-23T11:36:53","modified_gmt":"2021-09-23T09:36:53","slug":"estrenem-nou-espai-al-pati-dinfantil","status":"publish","type":"post","link":"https:\/\/agora.xtec.cat\/ceip-antoni-gaudi\/general\/estrenem-nou-espai-al-pati-dinfantil\/","title":{"rendered":"ESTRENEM NOU ESPAI AL PATI D&#8217;INFANTIL"},"content":{"rendered":"<p style=\"text-align: justify;\">Aquesta setmana les nenes i els nens d&#8217;educaci\u00f3 infantil hem pogut estrenar un <span style=\"color: #ff00ff;\"><strong>NOU ESPAI<\/strong><\/span>\u00a0al nostre pati. Es tracta d&#8217;una espectacular <strong><span style=\"color: #00ccff;\">pir\u00e0mide de cordes<\/span> <\/strong>i <strong><span style=\"color: #52ebbd;\">quatre motlles<\/span><\/strong>. Els infants ja han pogut gaudir d&#8217;aquesta zona i s&#8217;ho passen d&#8217;all\u00f2 m\u00e9s b\u00e9! A continuaci\u00f3 deixem un recull d&#8217;imatges.<\/p>\n<p>Des de l&#8217;escola, volem agrair a l&#8217;ajuntament de Santa Margarida de Montbui la seva col\u00b7laboraci\u00f3 per poder renovar aquests m\u00f2duls al pati dels m\u00e9s menuts de l&#8217;escola.<\/p>\n<p><a href=\"https:\/\/photos.app.goo.gl\/VdLqge4rzYzsKgim8\"><img loading=\"lazy\" decoding=\"async\" class=\" wp-image-3596 alignnone\" src=\"https:\/\/agora.xtec.cat\/ceip-antoni-gaudi\/wp-content\/uploads\/usu683\/2021\/09\/Sense-titol.png\" alt=\"\" width=\"159\" height=\"178\" srcset=\"https:\/\/agora.xtec.cat\/ceip-antoni-gaudi\/wp-content\/uploads\/usu683\/2021\/09\/Sense-titol.png 490w, https:\/\/agora.xtec.cat\/ceip-antoni-gaudi\/wp-content\/uploads\/usu683\/2021\/09\/Sense-titol-267x300.png 267w\" sizes=\"auto, (max-width: 159px) 100vw, 159px\" \/><\/a> \u00a0 \u00a0 \u00a0 <a href=\"https:\/\/photos.app.goo.gl\/q1x3BMWW4J1NDYr78\"><img loading=\"lazy\" decoding=\"async\" class=\"wp-image-3597 alignnone\" src=\"https:\/\/agora.xtec.cat\/ceip-antoni-gaudi\/wp-content\/uploads\/usu683\/2021\/09\/P4.png\" alt=\"\" width=\"169\" height=\"174\" srcset=\"https:\/\/agora.xtec.cat\/ceip-antoni-gaudi\/wp-content\/uploads\/usu683\/2021\/09\/P4.png 532w, https:\/\/agora.xtec.cat\/ceip-antoni-gaudi\/wp-content\/uploads\/usu683\/2021\/09\/P4-290x300.png 290w\" sizes=\"auto, (max-width: 169px) 100vw, 169px\" \/><\/a>\u00a0 \u00a0 \u00a0 \u00a0 <a href=\"https:\/\/photos.app.goo.gl\/uLoFvKum5CQ1Msxg7\"><img loading=\"lazy\" decoding=\"async\" class=\"wp-image-3598 alignnone\" src=\"https:\/\/agora.xtec.cat\/ceip-antoni-gaudi\/wp-content\/uploads\/usu683\/2021\/09\/P5.png\" alt=\"\" width=\"160\" height=\"172\" srcset=\"https:\/\/agora.xtec.cat\/ceip-antoni-gaudi\/wp-content\/uploads\/usu683\/2021\/09\/P5.png 513w, https:\/\/agora.xtec.cat\/ceip-antoni-gaudi\/wp-content\/uploads\/usu683\/2021\/09\/P5-279x300.png 279w\" sizes=\"auto, (max-width: 160px) 100vw, 160px\" \/><\/a><\/p>\n","protected":false},"excerpt":{"rendered":"<p>Aquesta setmana les nenes i els nens d&#8217;educaci\u00f3 infantil hem pogut estrenar un NOU ESPAI\u00a0al nostre pati. Es tracta d&#8217;una espectacular pir\u00e0mide de cordes i quatre motlles. Els infants ja han pogut gaudir d&#8217;aquesta zona i s&#8217;ho passen d&#8217;all\u00f2 m\u00e9s b\u00e9! A continuaci\u00f3 deixem un&hellip;  <a href=\"https:\/\/agora.xtec.cat\/ceip-antoni-gaudi\/general\/estrenem-nou-espai-al-pati-dinfantil\/\" title=\"Read ESTRENEM NOU ESPAI AL PATI D&#8217;INFANTIL\">Llegeix m\u00e9s\u00bb<\/a><\/p>\n","protected":false},"author":6,"featured_media":516,"comment_status":"open","ping_status":"closed","sticky":false,"template":"","format":"standard","meta":{"_bbp_topic_count":0,"_bbp_reply_count":0,"_bbp_total_topic_count":0,"_bbp_total_reply_count":0,"_bbp_voice_count":0,"_bbp_anonymous_reply_count":0,"_bbp_topic_count_hidden":0,"_bbp_reply_count_hidden":0,"_bbp_forum_subforum_count":0,"footnotes":""},"categories":[1,3,8,9,2,4],"tags":[],"class_list":["post-3636","post","type-post","status-publish","format-standard","has-post-thumbnail","hentry","category-general","category-i3","category-i4","category-i5","category-infantil","category-portada"],"post_mailing_queue_ids":[],"_links":{"self":[{"href":"https:\/\/agora.xtec.cat\/ceip-antoni-gaudi\/wp-json\/wp\/v2\/posts\/3636","targetHints":{"allow":["GET"]}}],"collection":[{"href":"https:\/\/agora.xtec.cat\/ceip-antoni-gaudi\/wp-json\/wp\/v2\/posts"}],"about":[{"href":"https:\/\/agora.xtec.cat\/ceip-antoni-gaudi\/wp-json\/wp\/v2\/types\/post"}],"author":[{"embeddable":true,"href":"https:\/\/agora.xtec.cat\/ceip-antoni-gaudi\/wp-json\/wp\/v2\/users\/6"}],"replies":[{"embeddable":true,"href":"https:\/\/agora.xtec.cat\/ceip-antoni-gaudi\/wp-json\/wp\/v2\/comments?post=3636"}],"version-history":[{"count":3,"href":"https:\/\/agora.xtec.cat\/ceip-antoni-gaudi\/wp-json\/wp\/v2\/posts\/3636\/revisions"}],"predecessor-version":[{"id":3647,"href":"https:\/\/agora.xtec.cat\/ceip-antoni-gaudi\/wp-json\/wp\/v2\/posts\/3636\/revisions\/3647"}],"wp:featuredmedia":[{"embeddable":true,"href":"https:\/\/agora.xtec.cat\/ceip-antoni-gaudi\/wp-json\/wp\/v2\/media\/516"}],"wp:attachment":[{"href":"https:\/\/agora.xtec.cat\/ceip-antoni-gaudi\/wp-json\/wp\/v2\/media?parent=3636"}],"wp:term":[{"taxonomy":"category","embeddable":true,"href":"https:\/\/agora.xtec.cat\/ceip-antoni-gaudi\/wp-json\/wp\/v2\/categories?post=3636"},{"taxonomy":"post_tag","embeddable":true,"href":"https:\/\/agora.xtec.cat\/ceip-antoni-gaudi\/wp-json\/wp\/v2\/tags?post=3636"}],"curies":[{"name":"wp","href":"https:\/\/api.w.org\/{rel}","templated":true}]}}