{"id":3603,"date":"2021-09-20T15:25:57","date_gmt":"2021-09-20T13:25:57","guid":{"rendered":"https:\/\/agora.xtec.cat\/ceip-antoni-gaudi\/?p=3603"},"modified":"2021-09-20T15:25:57","modified_gmt":"2021-09-20T13:25:57","slug":"coneixem-lartista-keith-haring","status":"publish","type":"post","link":"https:\/\/agora.xtec.cat\/ceip-antoni-gaudi\/general\/coneixem-lartista-keith-haring\/","title":{"rendered":"Coneixem l&#8217;artista Keith Haring!"},"content":{"rendered":"<p>Els nens i nenes de 6\u00e8 han comen\u00e7at a con\u00e8ixer l&#8217;artista Keith Haring. Durant aquest primer trimestre a V.I.P durem a terme el projecte sobre un dels artistes m\u00e9s coneguts a Nova York durant els anys 80.<br \/>\n<a href=\"https:\/\/photos.app.goo.gl\/8ACTz9Gn9vSjdnom8\"><img loading=\"lazy\" decoding=\"async\" class=\"alignnone\" src=\"https:\/\/lh3.googleusercontent.com\/pw\/AM-JKLVqcpQWCYGCIrZoIQRL4_QG67Mhxy-7zmEpKbQ6yiq0Wo7h45wDpTW0M_E9SvIZHizakSwFBRo9NTEMTkAnhCxdNhPUItMjXry1imtiYH6-6xIy1H5OBKoe_4AZBwljLun38HP0AMRmXYYBlYlLA-OO=w648-h866-no?authuser=0\" alt=\"\" width=\"204\" height=\"272\" \/><\/a><\/p>\n","protected":false},"excerpt":{"rendered":"<p>Els nens i nenes de 6\u00e8 han comen\u00e7at a con\u00e8ixer l&#8217;artista Keith Haring. Durant aquest primer trimestre a V.I.P durem a terme el projecte sobre un dels artistes m\u00e9s coneguts a Nova York durant els anys 80.<br \/>\n<a href=\"https:\/\/photos.app.goo.gl\/8ACTz9Gn9vSjdnom8\"><\/a><\/p>\n","protected":false},"author":5,"featured_media":3608,"comment_status":"open","ping_status":"closed","sticky":false,"template":"","format":"standard","meta":{"_bbp_topic_count":0,"_bbp_reply_count":0,"_bbp_total_topic_count":0,"_bbp_total_reply_count":0,"_bbp_voice_count":0,"_bbp_anonymous_reply_count":0,"_bbp_topic_count_hidden":0,"_bbp_reply_count_hidden":0,"_bbp_forum_subforum_count":0,"footnotes":""},"categories":[1,15,4,5],"tags":[],"class_list":["post-3603","post","type-post","status-publish","format-standard","has-post-thumbnail","hentry","category-general","category-p6","category-portada","category-primaria"],"post_mailing_queue_ids":[],"_links":{"self":[{"href":"https:\/\/agora.xtec.cat\/ceip-antoni-gaudi\/wp-json\/wp\/v2\/posts\/3603","targetHints":{"allow":["GET"]}}],"collection":[{"href":"https:\/\/agora.xtec.cat\/ceip-antoni-gaudi\/wp-json\/wp\/v2\/posts"}],"about":[{"href":"https:\/\/agora.xtec.cat\/ceip-antoni-gaudi\/wp-json\/wp\/v2\/types\/post"}],"author":[{"embeddable":true,"href":"https:\/\/agora.xtec.cat\/ceip-antoni-gaudi\/wp-json\/wp\/v2\/users\/5"}],"replies":[{"embeddable":true,"href":"https:\/\/agora.xtec.cat\/ceip-antoni-gaudi\/wp-json\/wp\/v2\/comments?post=3603"}],"version-history":[{"count":1,"href":"https:\/\/agora.xtec.cat\/ceip-antoni-gaudi\/wp-json\/wp\/v2\/posts\/3603\/revisions"}],"predecessor-version":[{"id":3609,"href":"https:\/\/agora.xtec.cat\/ceip-antoni-gaudi\/wp-json\/wp\/v2\/posts\/3603\/revisions\/3609"}],"wp:featuredmedia":[{"embeddable":true,"href":"https:\/\/agora.xtec.cat\/ceip-antoni-gaudi\/wp-json\/wp\/v2\/media\/3608"}],"wp:attachment":[{"href":"https:\/\/agora.xtec.cat\/ceip-antoni-gaudi\/wp-json\/wp\/v2\/media?parent=3603"}],"wp:term":[{"taxonomy":"category","embeddable":true,"href":"https:\/\/agora.xtec.cat\/ceip-antoni-gaudi\/wp-json\/wp\/v2\/categories?post=3603"},{"taxonomy":"post_tag","embeddable":true,"href":"https:\/\/agora.xtec.cat\/ceip-antoni-gaudi\/wp-json\/wp\/v2\/tags?post=3603"}],"curies":[{"name":"wp","href":"https:\/\/api.w.org\/{rel}","templated":true}]}}