{"id":3595,"date":"2021-09-16T13:09:13","date_gmt":"2021-09-16T11:09:13","guid":{"rendered":"https:\/\/agora.xtec.cat\/ceip-antoni-gaudi\/?p=3595"},"modified":"2021-09-16T13:09:13","modified_gmt":"2021-09-16T11:09:13","slug":"els-primers-dies-a-lescola","status":"publish","type":"post","link":"https:\/\/agora.xtec.cat\/ceip-antoni-gaudi\/general\/els-primers-dies-a-lescola\/","title":{"rendered":"ELS PRIMERS DIES A L&#8217;ESCOLA"},"content":{"rendered":"<p style=\"text-align: justify;\">Les nenes i els nens d&#8217;educaci\u00f3 infantil estan gaudint dels <strong><span style=\"color: #33cccc;\">primers dies d&#8217;escola<\/span><\/strong>. Els m\u00e9s petitons estan coneixent i s&#8217;estan adaptant als nous espais, companys i mestres; els m\u00e9s grans comparteixen les experi\u00e8ncies viscudes aquestes vacances i comencen a fer activitats conjuntes del nou curs.<\/p>\n<p>\u00a0 \u00a0 \u00a0 \u00a0 \u00a0 \u00a0 <a href=\"https:\/\/photos.app.goo.gl\/FYx2GLjCqVr4xzpj7\"><img loading=\"lazy\" decoding=\"async\" class=\"wp-image-3596 alignleft\" src=\"https:\/\/agora.xtec.cat\/ceip-antoni-gaudi\/wp-content\/uploads\/usu683\/2021\/09\/Sense-titol.png\" alt=\"\" width=\"180\" height=\"202\" srcset=\"https:\/\/agora.xtec.cat\/ceip-antoni-gaudi\/wp-content\/uploads\/usu683\/2021\/09\/Sense-titol.png 490w, https:\/\/agora.xtec.cat\/ceip-antoni-gaudi\/wp-content\/uploads\/usu683\/2021\/09\/Sense-titol-267x300.png 267w\" sizes=\"auto, (max-width: 180px) 100vw, 180px\" \/><\/a><a href=\"https:\/\/photos.app.goo.gl\/NrqTdjxjaT1HtKzS8\"><img loading=\"lazy\" decoding=\"async\" class=\"wp-image-3597 alignnone\" src=\"https:\/\/agora.xtec.cat\/ceip-antoni-gaudi\/wp-content\/uploads\/usu683\/2021\/09\/P4.png\" alt=\"\" width=\"195\" height=\"202\" srcset=\"https:\/\/agora.xtec.cat\/ceip-antoni-gaudi\/wp-content\/uploads\/usu683\/2021\/09\/P4.png 532w, https:\/\/agora.xtec.cat\/ceip-antoni-gaudi\/wp-content\/uploads\/usu683\/2021\/09\/P4-290x300.png 290w\" sizes=\"auto, (max-width: 195px) 100vw, 195px\" \/><\/a>\u00a0 \u00a0 \u00a0 \u00a0 \u00a0 \u00a0 \u00a0 \u00a0<a href=\"https:\/\/photos.app.goo.gl\/jJNSXou9UcgoeQHT9\"><img loading=\"lazy\" decoding=\"async\" class=\"wp-image-3598 alignnone\" src=\"https:\/\/agora.xtec.cat\/ceip-antoni-gaudi\/wp-content\/uploads\/usu683\/2021\/09\/P5.png\" alt=\"\" width=\"180\" height=\"193\" srcset=\"https:\/\/agora.xtec.cat\/ceip-antoni-gaudi\/wp-content\/uploads\/usu683\/2021\/09\/P5.png 513w, https:\/\/agora.xtec.cat\/ceip-antoni-gaudi\/wp-content\/uploads\/usu683\/2021\/09\/P5-279x300.png 279w\" sizes=\"auto, (max-width: 180px) 100vw, 180px\" \/> <\/a><\/p>\n","protected":false},"excerpt":{"rendered":"<p>Les nenes i els nens d&#8217;educaci\u00f3 infantil estan gaudint dels primers dies d&#8217;escola. Els m\u00e9s petitons estan coneixent i s&#8217;estan adaptant als nous espais, companys i mestres; els m\u00e9s grans comparteixen les experi\u00e8ncies viscudes aquestes vacances i comencen a fer activitats conjuntes del nou curs.<br \/>\n\u00a0&hellip;  <a href=\"https:\/\/agora.xtec.cat\/ceip-antoni-gaudi\/general\/els-primers-dies-a-lescola\/\" title=\"Read ELS PRIMERS DIES A L&#8217;ESCOLA\">Llegeix m\u00e9s\u00bb<\/a><\/p>\n","protected":false},"author":6,"featured_media":516,"comment_status":"open","ping_status":"closed","sticky":false,"template":"","format":"standard","meta":{"_bbp_topic_count":0,"_bbp_reply_count":0,"_bbp_total_topic_count":0,"_bbp_total_reply_count":0,"_bbp_voice_count":0,"_bbp_anonymous_reply_count":0,"_bbp_topic_count_hidden":0,"_bbp_reply_count_hidden":0,"_bbp_forum_subforum_count":0,"footnotes":""},"categories":[1,3,8,9,2,4],"tags":[],"class_list":["post-3595","post","type-post","status-publish","format-standard","has-post-thumbnail","hentry","category-general","category-i3","category-i4","category-i5","category-infantil","category-portada"],"post_mailing_queue_ids":[],"_links":{"self":[{"href":"https:\/\/agora.xtec.cat\/ceip-antoni-gaudi\/wp-json\/wp\/v2\/posts\/3595","targetHints":{"allow":["GET"]}}],"collection":[{"href":"https:\/\/agora.xtec.cat\/ceip-antoni-gaudi\/wp-json\/wp\/v2\/posts"}],"about":[{"href":"https:\/\/agora.xtec.cat\/ceip-antoni-gaudi\/wp-json\/wp\/v2\/types\/post"}],"author":[{"embeddable":true,"href":"https:\/\/agora.xtec.cat\/ceip-antoni-gaudi\/wp-json\/wp\/v2\/users\/6"}],"replies":[{"embeddable":true,"href":"https:\/\/agora.xtec.cat\/ceip-antoni-gaudi\/wp-json\/wp\/v2\/comments?post=3595"}],"version-history":[{"count":3,"href":"https:\/\/agora.xtec.cat\/ceip-antoni-gaudi\/wp-json\/wp\/v2\/posts\/3595\/revisions"}],"predecessor-version":[{"id":3602,"href":"https:\/\/agora.xtec.cat\/ceip-antoni-gaudi\/wp-json\/wp\/v2\/posts\/3595\/revisions\/3602"}],"wp:featuredmedia":[{"embeddable":true,"href":"https:\/\/agora.xtec.cat\/ceip-antoni-gaudi\/wp-json\/wp\/v2\/media\/516"}],"wp:attachment":[{"href":"https:\/\/agora.xtec.cat\/ceip-antoni-gaudi\/wp-json\/wp\/v2\/media?parent=3595"}],"wp:term":[{"taxonomy":"category","embeddable":true,"href":"https:\/\/agora.xtec.cat\/ceip-antoni-gaudi\/wp-json\/wp\/v2\/categories?post=3595"},{"taxonomy":"post_tag","embeddable":true,"href":"https:\/\/agora.xtec.cat\/ceip-antoni-gaudi\/wp-json\/wp\/v2\/tags?post=3595"}],"curies":[{"name":"wp","href":"https:\/\/api.w.org\/{rel}","templated":true}]}}