{"id":3566,"date":"2021-06-22T13:49:41","date_gmt":"2021-06-22T11:49:41","guid":{"rendered":"http:\/\/agora.xtec.cat\/ceip-antoni-gaudi\/?p=3566"},"modified":"2021-06-22T13:52:05","modified_gmt":"2021-06-22T11:52:05","slug":"festa-cardio-a-infantil","status":"publish","type":"post","link":"https:\/\/agora.xtec.cat\/ceip-antoni-gaudi\/general\/festa-cardio-a-infantil\/","title":{"rendered":"FESTA C\u00c0RDIO A INFANTIL"},"content":{"rendered":"<p style=\"text-align: justify;\">Durant tot el curs els nens i nenes d&#8217;educaci\u00f3 infantil fem activitats relacionades amb els bons h\u00e0bits saludables que ens proporciona el Programa SI. Ahir vam fer la colenda del projecte amb la visita del <strong><span style=\"color: #ff0000;\">C\u00e0rdio<\/span><\/strong>, la coreografia oficial del programa i un esmorzar de s\u00edndria i mel\u00f3 per tots.<\/p>\n<p style=\"text-align: justify;\">Aqu\u00ed us deixem un v\u00eddeo resum del dia d&#8217;ahir, esperem que us agradi!<\/p>\n<p><a href=\"https:\/\/photos.app.goo.gl\/t3QeAHUpHsQjwtdA7\"><img loading=\"lazy\" decoding=\"async\" class=\"wp-image-3567 alignleft\" src=\"https:\/\/agora.xtec.cat\/ceip-antoni-gaudi\/wp-content\/uploads\/usu683\/2021\/06\/WhatsApp-Image-2021-06-21-at-11.42.22.jpeg\" alt=\"\" width=\"196\" height=\"263\" \/><\/a><\/p>\n<p>&nbsp;<\/p>\n","protected":false},"excerpt":{"rendered":"<p>Durant tot el curs els nens i nenes d&#8217;educaci\u00f3 infantil fem activitats relacionades amb els bons h\u00e0bits saludables que ens proporciona el Programa SI. Ahir vam fer la colenda del projecte amb la visita del C\u00e0rdio, la coreografia oficial del programa i un esmorzar de&hellip;  <a href=\"https:\/\/agora.xtec.cat\/ceip-antoni-gaudi\/general\/festa-cardio-a-infantil\/\" title=\"Read FESTA C\u00c0RDIO A INFANTIL\">Llegeix m\u00e9s\u00bb<\/a><\/p>\n","protected":false},"author":6,"featured_media":3567,"comment_status":"open","ping_status":"closed","sticky":false,"template":"","format":"standard","meta":{"_bbp_topic_count":0,"_bbp_reply_count":0,"_bbp_total_topic_count":0,"_bbp_total_reply_count":0,"_bbp_voice_count":0,"_bbp_anonymous_reply_count":0,"_bbp_topic_count_hidden":0,"_bbp_reply_count_hidden":0,"_bbp_forum_subforum_count":0,"footnotes":""},"categories":[1,3,8,9,2],"tags":[],"class_list":["post-3566","post","type-post","status-publish","format-standard","has-post-thumbnail","hentry","category-general","category-i3","category-i4","category-i5","category-infantil"],"post_mailing_queue_ids":[],"_links":{"self":[{"href":"https:\/\/agora.xtec.cat\/ceip-antoni-gaudi\/wp-json\/wp\/v2\/posts\/3566","targetHints":{"allow":["GET"]}}],"collection":[{"href":"https:\/\/agora.xtec.cat\/ceip-antoni-gaudi\/wp-json\/wp\/v2\/posts"}],"about":[{"href":"https:\/\/agora.xtec.cat\/ceip-antoni-gaudi\/wp-json\/wp\/v2\/types\/post"}],"author":[{"embeddable":true,"href":"https:\/\/agora.xtec.cat\/ceip-antoni-gaudi\/wp-json\/wp\/v2\/users\/6"}],"replies":[{"embeddable":true,"href":"https:\/\/agora.xtec.cat\/ceip-antoni-gaudi\/wp-json\/wp\/v2\/comments?post=3566"}],"version-history":[{"count":3,"href":"https:\/\/agora.xtec.cat\/ceip-antoni-gaudi\/wp-json\/wp\/v2\/posts\/3566\/revisions"}],"predecessor-version":[{"id":3570,"href":"https:\/\/agora.xtec.cat\/ceip-antoni-gaudi\/wp-json\/wp\/v2\/posts\/3566\/revisions\/3570"}],"wp:featuredmedia":[{"embeddable":true,"href":"https:\/\/agora.xtec.cat\/ceip-antoni-gaudi\/wp-json\/wp\/v2\/media\/3567"}],"wp:attachment":[{"href":"https:\/\/agora.xtec.cat\/ceip-antoni-gaudi\/wp-json\/wp\/v2\/media?parent=3566"}],"wp:term":[{"taxonomy":"category","embeddable":true,"href":"https:\/\/agora.xtec.cat\/ceip-antoni-gaudi\/wp-json\/wp\/v2\/categories?post=3566"},{"taxonomy":"post_tag","embeddable":true,"href":"https:\/\/agora.xtec.cat\/ceip-antoni-gaudi\/wp-json\/wp\/v2\/tags?post=3566"}],"curies":[{"name":"wp","href":"https:\/\/api.w.org\/{rel}","templated":true}]}}