{"id":3553,"date":"2021-06-18T15:19:08","date_gmt":"2021-06-18T13:19:08","guid":{"rendered":"http:\/\/agora.xtec.cat\/ceip-antoni-gaudi\/?p=3553"},"modified":"2021-06-18T15:20:11","modified_gmt":"2021-06-18T13:20:11","slug":"graduacio-6e-2","status":"publish","type":"post","link":"https:\/\/agora.xtec.cat\/ceip-antoni-gaudi\/general\/graduacio-6e-2\/","title":{"rendered":"GRADUACI\u00d3 6\u00e8"},"content":{"rendered":"<p>Avui hem graduat als nens i nenes de sis\u00e8. Tot i ser un any molt complicat, dif\u00edcil ple d&#8217;incerteses i canvis constants hem pogut celebrar la graduaci\u00f3 dels nostres nois i noies de 6\u00e8. Ha estat un acte molt emotiu, com heu pogut comprovar la majoria de fam\u00edlies que us ha estat possible assistir-hi. Per aquells que no heu pogut venir aqu\u00ed us deixem totes les fotografies, els v\u00eddeos i part de l&#8217;acte que l&#8217;hem passat als alumnes. Nois i noies deixeu una etapa per comen\u00e7ar una altra ara us emporteu una motxilla ben carregada de bon moments i records fant\u00e0stics!!Que tingueu molta SORT i ja sabeu que les portes del GAUD\u00cd, sempre estaran obertes per tots vosaltres. Una abra\u00e7ada gegant, us estimem molt\u00edssim!!!<\/p>\n<table>\n<tbody>\n<tr>\n<td><a href=\"https:\/\/photos.app.goo.gl\/Y2TBm7cEEXSnvAYaA\"><img loading=\"lazy\" decoding=\"async\" class=\"alignnone size-full wp-image-3557\" src=\"https:\/\/agora.xtec.cat\/ceip-antoni-gaudi\/wp-content\/uploads\/usu683\/2021\/06\/images.jpg\" alt=\"\" width=\"290\" height=\"174\" \/><\/a><\/td>\n<td><a href=\"https:\/\/youtu.be\/YCjb1pon-CI\">https:\/\/youtu.be\/YCjb1pon-CI<\/a><\/td>\n<\/tr>\n<\/tbody>\n<\/table>\n<p>&nbsp;<\/p>\n<p>&nbsp;<\/p>\n","protected":false},"excerpt":{"rendered":"<p>Avui hem graduat als nens i nenes de sis\u00e8. Tot i ser un any molt complicat, dif\u00edcil ple d&#8217;incerteses i canvis constants hem pogut celebrar la graduaci\u00f3 dels nostres nois i noies de 6\u00e8. Ha estat un acte molt emotiu, com heu pogut comprovar la&hellip;  <a href=\"https:\/\/agora.xtec.cat\/ceip-antoni-gaudi\/general\/graduacio-6e-2\/\" title=\"Read GRADUACI\u00d3 6\u00e8\">Llegeix m\u00e9s\u00bb<\/a><\/p>\n","protected":false},"author":5,"featured_media":0,"comment_status":"open","ping_status":"closed","sticky":false,"template":"","format":"standard","meta":{"_bbp_topic_count":0,"_bbp_reply_count":0,"_bbp_total_topic_count":0,"_bbp_total_reply_count":0,"_bbp_voice_count":0,"_bbp_anonymous_reply_count":0,"_bbp_topic_count_hidden":0,"_bbp_reply_count_hidden":0,"_bbp_forum_subforum_count":0,"footnotes":""},"categories":[1,14,15,4],"tags":[],"class_list":["post-3553","post","type-post","status-publish","format-standard","hentry","category-general","category-p5","category-p6","category-portada"],"post_mailing_queue_ids":[],"_links":{"self":[{"href":"https:\/\/agora.xtec.cat\/ceip-antoni-gaudi\/wp-json\/wp\/v2\/posts\/3553","targetHints":{"allow":["GET"]}}],"collection":[{"href":"https:\/\/agora.xtec.cat\/ceip-antoni-gaudi\/wp-json\/wp\/v2\/posts"}],"about":[{"href":"https:\/\/agora.xtec.cat\/ceip-antoni-gaudi\/wp-json\/wp\/v2\/types\/post"}],"author":[{"embeddable":true,"href":"https:\/\/agora.xtec.cat\/ceip-antoni-gaudi\/wp-json\/wp\/v2\/users\/5"}],"replies":[{"embeddable":true,"href":"https:\/\/agora.xtec.cat\/ceip-antoni-gaudi\/wp-json\/wp\/v2\/comments?post=3553"}],"version-history":[{"count":1,"href":"https:\/\/agora.xtec.cat\/ceip-antoni-gaudi\/wp-json\/wp\/v2\/posts\/3553\/revisions"}],"predecessor-version":[{"id":3558,"href":"https:\/\/agora.xtec.cat\/ceip-antoni-gaudi\/wp-json\/wp\/v2\/posts\/3553\/revisions\/3558"}],"wp:attachment":[{"href":"https:\/\/agora.xtec.cat\/ceip-antoni-gaudi\/wp-json\/wp\/v2\/media?parent=3553"}],"wp:term":[{"taxonomy":"category","embeddable":true,"href":"https:\/\/agora.xtec.cat\/ceip-antoni-gaudi\/wp-json\/wp\/v2\/categories?post=3553"},{"taxonomy":"post_tag","embeddable":true,"href":"https:\/\/agora.xtec.cat\/ceip-antoni-gaudi\/wp-json\/wp\/v2\/tags?post=3553"}],"curies":[{"name":"wp","href":"https:\/\/api.w.org\/{rel}","templated":true}]}}