{"id":3538,"date":"2021-06-17T13:44:47","date_gmt":"2021-06-17T11:44:47","guid":{"rendered":"http:\/\/agora.xtec.cat\/ceip-antoni-gaudi\/?p=3538"},"modified":"2021-06-18T14:54:45","modified_gmt":"2021-06-18T12:54:45","slug":"graduacio-p5-2","status":"publish","type":"post","link":"https:\/\/agora.xtec.cat\/ceip-antoni-gaudi\/general\/graduacio-p5-2\/","title":{"rendered":"GRADUACI\u00d3 P5"},"content":{"rendered":"<p style=\"text-align: justify;\">Avui els nens i nenes de P5 han pogut gaudir de la seva graduaci\u00f3 d&#8217;infantil per fer el pas a l&#8217;educaci\u00f3 prim\u00e0ria. Tanquen una etapa i en comencen una altra igual d&#8217;important. No deixeu mai que perdin la seva espontane\u00eftat, el seu somriure, les ganes de jugar, d&#8217;observar i d&#8217;aprendre. Deixeu que gaudeixin de les petites coses.<\/p>\n<p style=\"text-align: justify;\">Recordeu-los-hi que <span style=\"color: #3366ff;\"><em>encara que es facin grans, dins d&#8217;ells sempre hi haur\u00e0 un petit pr\u00edncep.\u00a0<\/em><\/span><\/p>\n<p>Gr\u00e0cies per tot fam\u00edlies!<\/p>\n<p>Aqu\u00ed teniu el recull de fotografies i v\u00eddeo.<\/p>\n<table style=\"width: 495px;\">\n<tbody>\n<tr>\n<td style=\"width: 256px;\"><img loading=\"lazy\" decoding=\"async\" class=\"aligncenter wp-image-3539\" src=\"https:\/\/agora.xtec.cat\/ceip-antoni-gaudi\/wp-content\/uploads\/usu683\/2021\/06\/WhatsApp-Image-2021-06-17-at-11.25.33.jpeg\" alt=\"\" width=\"248\" height=\"331\" srcset=\"https:\/\/agora.xtec.cat\/ceip-antoni-gaudi\/wp-content\/uploads\/usu683\/2021\/06\/WhatsApp-Image-2021-06-17-at-11.25.33.jpeg 1500w, https:\/\/agora.xtec.cat\/ceip-antoni-gaudi\/wp-content\/uploads\/usu683\/2021\/06\/WhatsApp-Image-2021-06-17-at-11.25.33-225x300.jpeg 225w, https:\/\/agora.xtec.cat\/ceip-antoni-gaudi\/wp-content\/uploads\/usu683\/2021\/06\/WhatsApp-Image-2021-06-17-at-11.25.33-768x1024.jpeg 768w\" sizes=\"auto, (max-width: 248px) 100vw, 248px\" \/><\/td>\n<td style=\"width: 231px;\"><a href=\"https:\/\/youtu.be\/FiN7yzxvMBI\">https:\/\/youtu.be\/FiN7yzxvMBI<\/a><\/td>\n<\/tr>\n<\/tbody>\n<\/table>\n","protected":false},"excerpt":{"rendered":"<p>Avui els nens i nenes de P5 han pogut gaudir de la seva graduaci\u00f3 d&#8217;infantil per fer el pas a l&#8217;educaci\u00f3 prim\u00e0ria. Tanquen una etapa i en comencen una altra igual d&#8217;important. No deixeu mai que perdin la seva espontane\u00eftat, el seu somriure, les ganes&hellip;  <a href=\"https:\/\/agora.xtec.cat\/ceip-antoni-gaudi\/general\/graduacio-p5-2\/\" title=\"Read GRADUACI\u00d3 P5\">Llegeix m\u00e9s\u00bb<\/a><\/p>\n","protected":false},"author":6,"featured_media":3539,"comment_status":"open","ping_status":"closed","sticky":false,"template":"","format":"standard","meta":{"_bbp_topic_count":0,"_bbp_reply_count":0,"_bbp_total_topic_count":0,"_bbp_total_reply_count":0,"_bbp_voice_count":0,"_bbp_anonymous_reply_count":0,"_bbp_topic_count_hidden":0,"_bbp_reply_count_hidden":0,"_bbp_forum_subforum_count":0,"footnotes":""},"categories":[1,9,2,4],"tags":[],"class_list":["post-3538","post","type-post","status-publish","format-standard","has-post-thumbnail","hentry","category-general","category-i5","category-infantil","category-portada"],"post_mailing_queue_ids":[],"_links":{"self":[{"href":"https:\/\/agora.xtec.cat\/ceip-antoni-gaudi\/wp-json\/wp\/v2\/posts\/3538","targetHints":{"allow":["GET"]}}],"collection":[{"href":"https:\/\/agora.xtec.cat\/ceip-antoni-gaudi\/wp-json\/wp\/v2\/posts"}],"about":[{"href":"https:\/\/agora.xtec.cat\/ceip-antoni-gaudi\/wp-json\/wp\/v2\/types\/post"}],"author":[{"embeddable":true,"href":"https:\/\/agora.xtec.cat\/ceip-antoni-gaudi\/wp-json\/wp\/v2\/users\/6"}],"replies":[{"embeddable":true,"href":"https:\/\/agora.xtec.cat\/ceip-antoni-gaudi\/wp-json\/wp\/v2\/comments?post=3538"}],"version-history":[{"count":3,"href":"https:\/\/agora.xtec.cat\/ceip-antoni-gaudi\/wp-json\/wp\/v2\/posts\/3538\/revisions"}],"predecessor-version":[{"id":3556,"href":"https:\/\/agora.xtec.cat\/ceip-antoni-gaudi\/wp-json\/wp\/v2\/posts\/3538\/revisions\/3556"}],"wp:featuredmedia":[{"embeddable":true,"href":"https:\/\/agora.xtec.cat\/ceip-antoni-gaudi\/wp-json\/wp\/v2\/media\/3539"}],"wp:attachment":[{"href":"https:\/\/agora.xtec.cat\/ceip-antoni-gaudi\/wp-json\/wp\/v2\/media?parent=3538"}],"wp:term":[{"taxonomy":"category","embeddable":true,"href":"https:\/\/agora.xtec.cat\/ceip-antoni-gaudi\/wp-json\/wp\/v2\/categories?post=3538"},{"taxonomy":"post_tag","embeddable":true,"href":"https:\/\/agora.xtec.cat\/ceip-antoni-gaudi\/wp-json\/wp\/v2\/tags?post=3538"}],"curies":[{"name":"wp","href":"https:\/\/api.w.org\/{rel}","templated":true}]}}