{"id":3500,"date":"2021-06-08T12:26:05","date_gmt":"2021-06-08T10:26:05","guid":{"rendered":"http:\/\/agora.xtec.cat\/ceip-antoni-gaudi\/?p=3500"},"modified":"2021-06-08T12:59:24","modified_gmt":"2021-06-08T10:59:24","slug":"sortida-de-p3-al-parc-de-la-unio","status":"publish","type":"post","link":"https:\/\/agora.xtec.cat\/ceip-antoni-gaudi\/general\/sortida-de-p3-al-parc-de-la-unio\/","title":{"rendered":"SORTIDA DE P3 AL PARC DE LA UNI\u00d3"},"content":{"rendered":"<p>Dimecres passat els nens i nenes de P3 vam sortir a esmorzar i jugar a un parc proper a l&#8217;escola: el <span style=\"color: #99cc00;\">parc de la uni\u00f3<\/span>. Ens ho vam passar molt i molt b\u00e9 tot descobrint el nostre<span style=\"color: #99cc00;\"> entorn<\/span> m\u00e9s proper.<\/p>\n<p><a href=\"https:\/\/photos.app.goo.gl\/P5WVxiog46pp2Mjb9\"><img loading=\"lazy\" decoding=\"async\" class=\"aligncenter wp-image-3501\" src=\"https:\/\/agora.xtec.cat\/ceip-antoni-gaudi\/wp-content\/uploads\/usu683\/2021\/06\/1622711190933-min.jpg\" alt=\"\" width=\"320\" height=\"228\" srcset=\"https:\/\/agora.xtec.cat\/ceip-antoni-gaudi\/wp-content\/uploads\/usu683\/2021\/06\/1622711190933-min.jpg 3449w, https:\/\/agora.xtec.cat\/ceip-antoni-gaudi\/wp-content\/uploads\/usu683\/2021\/06\/1622711190933-min-300x213.jpg 300w, https:\/\/agora.xtec.cat\/ceip-antoni-gaudi\/wp-content\/uploads\/usu683\/2021\/06\/1622711190933-min-768x545.jpg 768w, https:\/\/agora.xtec.cat\/ceip-antoni-gaudi\/wp-content\/uploads\/usu683\/2021\/06\/1622711190933-min-1024x727.jpg 1024w\" sizes=\"auto, (max-width: 320px) 100vw, 320px\" \/><\/a><\/p>\n","protected":false},"excerpt":{"rendered":"<p>Dimecres passat els nens i nenes de P3 vam sortir a esmorzar i jugar a un parc proper a l&#8217;escola: el parc de la uni\u00f3. Ens ho vam passar molt i molt b\u00e9 tot descobrint el nostre entorn m\u00e9s proper.<br \/>\n<a href=\"https:\/\/photos.app.goo.gl\/P5WVxiog46pp2Mjb9\"><\/a><\/p>\n","protected":false},"author":6,"featured_media":3501,"comment_status":"open","ping_status":"closed","sticky":false,"template":"","format":"standard","meta":{"_bbp_topic_count":0,"_bbp_reply_count":0,"_bbp_total_topic_count":0,"_bbp_total_reply_count":0,"_bbp_voice_count":0,"_bbp_anonymous_reply_count":0,"_bbp_topic_count_hidden":0,"_bbp_reply_count_hidden":0,"_bbp_forum_subforum_count":0,"footnotes":""},"categories":[1,3,2,4,229],"tags":[],"class_list":["post-3500","post","type-post","status-publish","format-standard","has-post-thumbnail","hentry","category-general","category-i3","category-infantil","category-portada","category-portada-portada"],"post_mailing_queue_ids":[],"_links":{"self":[{"href":"https:\/\/agora.xtec.cat\/ceip-antoni-gaudi\/wp-json\/wp\/v2\/posts\/3500","targetHints":{"allow":["GET"]}}],"collection":[{"href":"https:\/\/agora.xtec.cat\/ceip-antoni-gaudi\/wp-json\/wp\/v2\/posts"}],"about":[{"href":"https:\/\/agora.xtec.cat\/ceip-antoni-gaudi\/wp-json\/wp\/v2\/types\/post"}],"author":[{"embeddable":true,"href":"https:\/\/agora.xtec.cat\/ceip-antoni-gaudi\/wp-json\/wp\/v2\/users\/6"}],"replies":[{"embeddable":true,"href":"https:\/\/agora.xtec.cat\/ceip-antoni-gaudi\/wp-json\/wp\/v2\/comments?post=3500"}],"version-history":[{"count":1,"href":"https:\/\/agora.xtec.cat\/ceip-antoni-gaudi\/wp-json\/wp\/v2\/posts\/3500\/revisions"}],"predecessor-version":[{"id":3502,"href":"https:\/\/agora.xtec.cat\/ceip-antoni-gaudi\/wp-json\/wp\/v2\/posts\/3500\/revisions\/3502"}],"wp:featuredmedia":[{"embeddable":true,"href":"https:\/\/agora.xtec.cat\/ceip-antoni-gaudi\/wp-json\/wp\/v2\/media\/3501"}],"wp:attachment":[{"href":"https:\/\/agora.xtec.cat\/ceip-antoni-gaudi\/wp-json\/wp\/v2\/media?parent=3500"}],"wp:term":[{"taxonomy":"category","embeddable":true,"href":"https:\/\/agora.xtec.cat\/ceip-antoni-gaudi\/wp-json\/wp\/v2\/categories?post=3500"},{"taxonomy":"post_tag","embeddable":true,"href":"https:\/\/agora.xtec.cat\/ceip-antoni-gaudi\/wp-json\/wp\/v2\/tags?post=3500"}],"curies":[{"name":"wp","href":"https:\/\/api.w.org\/{rel}","templated":true}]}}