{"id":3488,"date":"2021-06-01T16:22:26","date_gmt":"2021-06-01T14:22:26","guid":{"rendered":"http:\/\/agora.xtec.cat\/ceip-antoni-gaudi\/?p=3488"},"modified":"2021-06-01T16:22:53","modified_gmt":"2021-06-01T14:22:53","slug":"alimentacio-saludable-a-p5","status":"publish","type":"post","link":"https:\/\/agora.xtec.cat\/ceip-antoni-gaudi\/general\/alimentacio-saludable-a-p5\/","title":{"rendered":"ALIMENTACI\u00d3 SALUDABLE A P5"},"content":{"rendered":"<p style=\"text-align: justify;\">Els nens i nenes de P5 aprenem <span style=\"color: #ff6600;\"><strong>h\u00e0bits saludables<\/strong><\/span> amb l&#8217;ajuda dels protagonistes del <strong><span style=\"color: #ff6600;\">Programa SI<\/span><\/strong>: el C\u00e0rdio, l&#8217;Ol\u00edvia i el Nico. Hem jugat al plaf\u00f3 interactiu que tenim al vest\u00edbul de l&#8217;escola i hem classificat els diferents aliments segons al grup al qual pertanyen. Aqu\u00ed us deixem unes imatges!<a href=\"https:\/\/photos.app.goo.gl\/nfnQnjhe6R7UXFaLA\"><img loading=\"lazy\" decoding=\"async\" class=\"aligncenter wp-image-3489\" src=\"https:\/\/agora.xtec.cat\/ceip-antoni-gaudi\/wp-content\/uploads\/usu683\/2021\/06\/WhatsApp-Image-2021-06-01-at-16.05.13-17.jpeg\" alt=\"\" width=\"370\" height=\"277\" srcset=\"https:\/\/agora.xtec.cat\/ceip-antoni-gaudi\/wp-content\/uploads\/usu683\/2021\/06\/WhatsApp-Image-2021-06-01-at-16.05.13-17.jpeg 1024w, https:\/\/agora.xtec.cat\/ceip-antoni-gaudi\/wp-content\/uploads\/usu683\/2021\/06\/WhatsApp-Image-2021-06-01-at-16.05.13-17-300x225.jpeg 300w, https:\/\/agora.xtec.cat\/ceip-antoni-gaudi\/wp-content\/uploads\/usu683\/2021\/06\/WhatsApp-Image-2021-06-01-at-16.05.13-17-768x576.jpeg 768w, https:\/\/agora.xtec.cat\/ceip-antoni-gaudi\/wp-content\/uploads\/usu683\/2021\/06\/WhatsApp-Image-2021-06-01-at-16.05.13-17-200x150.jpeg 200w\" sizes=\"auto, (max-width: 370px) 100vw, 370px\" \/><\/a><\/p>\n","protected":false},"excerpt":{"rendered":"<p>Els nens i nenes de P5 aprenem h\u00e0bits saludables amb l&#8217;ajuda dels protagonistes del Programa SI: el C\u00e0rdio, l&#8217;Ol\u00edvia i el Nico. Hem jugat al plaf\u00f3 interactiu que tenim al vest\u00edbul de l&#8217;escola i hem classificat els diferents aliments segons al grup al qual pertanyen.&hellip;  <a href=\"https:\/\/agora.xtec.cat\/ceip-antoni-gaudi\/general\/alimentacio-saludable-a-p5\/\" title=\"Read ALIMENTACI\u00d3 SALUDABLE A P5\">Llegeix m\u00e9s\u00bb<\/a><\/p>\n","protected":false},"author":6,"featured_media":3489,"comment_status":"open","ping_status":"closed","sticky":false,"template":"","format":"standard","meta":{"_bbp_topic_count":0,"_bbp_reply_count":0,"_bbp_total_topic_count":0,"_bbp_total_reply_count":0,"_bbp_voice_count":0,"_bbp_anonymous_reply_count":0,"_bbp_topic_count_hidden":0,"_bbp_reply_count_hidden":0,"_bbp_forum_subforum_count":0,"footnotes":""},"categories":[1,9,2,4,229],"tags":[],"class_list":["post-3488","post","type-post","status-publish","format-standard","has-post-thumbnail","hentry","category-general","category-i5","category-infantil","category-portada","category-portada-portada"],"post_mailing_queue_ids":[],"_links":{"self":[{"href":"https:\/\/agora.xtec.cat\/ceip-antoni-gaudi\/wp-json\/wp\/v2\/posts\/3488","targetHints":{"allow":["GET"]}}],"collection":[{"href":"https:\/\/agora.xtec.cat\/ceip-antoni-gaudi\/wp-json\/wp\/v2\/posts"}],"about":[{"href":"https:\/\/agora.xtec.cat\/ceip-antoni-gaudi\/wp-json\/wp\/v2\/types\/post"}],"author":[{"embeddable":true,"href":"https:\/\/agora.xtec.cat\/ceip-antoni-gaudi\/wp-json\/wp\/v2\/users\/6"}],"replies":[{"embeddable":true,"href":"https:\/\/agora.xtec.cat\/ceip-antoni-gaudi\/wp-json\/wp\/v2\/comments?post=3488"}],"version-history":[{"count":2,"href":"https:\/\/agora.xtec.cat\/ceip-antoni-gaudi\/wp-json\/wp\/v2\/posts\/3488\/revisions"}],"predecessor-version":[{"id":3491,"href":"https:\/\/agora.xtec.cat\/ceip-antoni-gaudi\/wp-json\/wp\/v2\/posts\/3488\/revisions\/3491"}],"wp:featuredmedia":[{"embeddable":true,"href":"https:\/\/agora.xtec.cat\/ceip-antoni-gaudi\/wp-json\/wp\/v2\/media\/3489"}],"wp:attachment":[{"href":"https:\/\/agora.xtec.cat\/ceip-antoni-gaudi\/wp-json\/wp\/v2\/media?parent=3488"}],"wp:term":[{"taxonomy":"category","embeddable":true,"href":"https:\/\/agora.xtec.cat\/ceip-antoni-gaudi\/wp-json\/wp\/v2\/categories?post=3488"},{"taxonomy":"post_tag","embeddable":true,"href":"https:\/\/agora.xtec.cat\/ceip-antoni-gaudi\/wp-json\/wp\/v2\/tags?post=3488"}],"curies":[{"name":"wp","href":"https:\/\/api.w.org\/{rel}","templated":true}]}}