{"id":3484,"date":"2021-06-01T16:03:28","date_gmt":"2021-06-01T14:03:28","guid":{"rendered":"http:\/\/agora.xtec.cat\/ceip-antoni-gaudi\/?p=3484"},"modified":"2021-06-01T16:03:28","modified_gmt":"2021-06-01T14:03:28","slug":"el-joc-i-lexperimentacio-a-p4","status":"publish","type":"post","link":"https:\/\/agora.xtec.cat\/ceip-antoni-gaudi\/general\/el-joc-i-lexperimentacio-a-p4\/","title":{"rendered":"EL JOC I L&#8217;EXPERIMENTACI\u00d3 A P4"},"content":{"rendered":"<p style=\"text-align: justify;\">A P4 ens encanten les <strong><span style=\"color: #0000ff;\">activitats vivencials<\/span><\/strong>. Aprendre a trav\u00e9s del <span style=\"color: #0000ff;\"><strong>joc<\/strong><\/span> i l&#8217;<strong><span style=\"color: #0000ff;\">experimentaci\u00f3<\/span><\/strong> ens fa cr\u00e9ixer. Us deixem un recull d&#8217;imatges perqu\u00e8 mireu que b\u00e9 ens ho passem!<\/p>\n<p><a href=\"https:\/\/photos.app.goo.gl\/FGKJQgnFf2GMf3mS9\"><img loading=\"lazy\" decoding=\"async\" class=\"aligncenter  wp-image-3485\" src=\"https:\/\/agora.xtec.cat\/ceip-antoni-gaudi\/wp-content\/uploads\/usu683\/2021\/06\/7aa7927d-e4b2-4b71-8a69-8d93df5ab0d9.jpg\" alt=\"\" width=\"269\" height=\"202\" srcset=\"https:\/\/agora.xtec.cat\/ceip-antoni-gaudi\/wp-content\/uploads\/usu683\/2021\/06\/7aa7927d-e4b2-4b71-8a69-8d93df5ab0d9.jpg 1600w, https:\/\/agora.xtec.cat\/ceip-antoni-gaudi\/wp-content\/uploads\/usu683\/2021\/06\/7aa7927d-e4b2-4b71-8a69-8d93df5ab0d9-300x225.jpg 300w, https:\/\/agora.xtec.cat\/ceip-antoni-gaudi\/wp-content\/uploads\/usu683\/2021\/06\/7aa7927d-e4b2-4b71-8a69-8d93df5ab0d9-768x576.jpg 768w, https:\/\/agora.xtec.cat\/ceip-antoni-gaudi\/wp-content\/uploads\/usu683\/2021\/06\/7aa7927d-e4b2-4b71-8a69-8d93df5ab0d9-1024x768.jpg 1024w, https:\/\/agora.xtec.cat\/ceip-antoni-gaudi\/wp-content\/uploads\/usu683\/2021\/06\/7aa7927d-e4b2-4b71-8a69-8d93df5ab0d9-200x150.jpg 200w\" sizes=\"auto, (max-width: 269px) 100vw, 269px\" \/><\/a><\/p>\n","protected":false},"excerpt":{"rendered":"<p>A P4 ens encanten les activitats vivencials. Aprendre a trav\u00e9s del joc i l&#8217;experimentaci\u00f3 ens fa cr\u00e9ixer. Us deixem un recull d&#8217;imatges perqu\u00e8 mireu que b\u00e9 ens ho passem!<br \/>\n<a href=\"https:\/\/photos.app.goo.gl\/FGKJQgnFf2GMf3mS9\"><\/a><\/p>\n","protected":false},"author":6,"featured_media":3485,"comment_status":"open","ping_status":"closed","sticky":false,"template":"","format":"standard","meta":{"_bbp_topic_count":0,"_bbp_reply_count":0,"_bbp_total_topic_count":0,"_bbp_total_reply_count":0,"_bbp_voice_count":0,"_bbp_anonymous_reply_count":0,"_bbp_topic_count_hidden":0,"_bbp_reply_count_hidden":0,"_bbp_forum_subforum_count":0,"footnotes":""},"categories":[1,8,2,4],"tags":[],"class_list":["post-3484","post","type-post","status-publish","format-standard","has-post-thumbnail","hentry","category-general","category-i4","category-infantil","category-portada"],"post_mailing_queue_ids":[],"_links":{"self":[{"href":"https:\/\/agora.xtec.cat\/ceip-antoni-gaudi\/wp-json\/wp\/v2\/posts\/3484","targetHints":{"allow":["GET"]}}],"collection":[{"href":"https:\/\/agora.xtec.cat\/ceip-antoni-gaudi\/wp-json\/wp\/v2\/posts"}],"about":[{"href":"https:\/\/agora.xtec.cat\/ceip-antoni-gaudi\/wp-json\/wp\/v2\/types\/post"}],"author":[{"embeddable":true,"href":"https:\/\/agora.xtec.cat\/ceip-antoni-gaudi\/wp-json\/wp\/v2\/users\/6"}],"replies":[{"embeddable":true,"href":"https:\/\/agora.xtec.cat\/ceip-antoni-gaudi\/wp-json\/wp\/v2\/comments?post=3484"}],"version-history":[{"count":2,"href":"https:\/\/agora.xtec.cat\/ceip-antoni-gaudi\/wp-json\/wp\/v2\/posts\/3484\/revisions"}],"predecessor-version":[{"id":3487,"href":"https:\/\/agora.xtec.cat\/ceip-antoni-gaudi\/wp-json\/wp\/v2\/posts\/3484\/revisions\/3487"}],"wp:featuredmedia":[{"embeddable":true,"href":"https:\/\/agora.xtec.cat\/ceip-antoni-gaudi\/wp-json\/wp\/v2\/media\/3485"}],"wp:attachment":[{"href":"https:\/\/agora.xtec.cat\/ceip-antoni-gaudi\/wp-json\/wp\/v2\/media?parent=3484"}],"wp:term":[{"taxonomy":"category","embeddable":true,"href":"https:\/\/agora.xtec.cat\/ceip-antoni-gaudi\/wp-json\/wp\/v2\/categories?post=3484"},{"taxonomy":"post_tag","embeddable":true,"href":"https:\/\/agora.xtec.cat\/ceip-antoni-gaudi\/wp-json\/wp\/v2\/tags?post=3484"}],"curies":[{"name":"wp","href":"https:\/\/api.w.org\/{rel}","templated":true}]}}