{"id":3473,"date":"2021-05-26T12:36:43","date_gmt":"2021-05-26T10:36:43","guid":{"rendered":"http:\/\/agora.xtec.cat\/ceip-antoni-gaudi\/?p=3473"},"modified":"2021-06-02T09:26:53","modified_gmt":"2021-06-02T07:26:53","slug":"1r-i-2n-posem-color-a-lescola","status":"publish","type":"post","link":"https:\/\/agora.xtec.cat\/ceip-antoni-gaudi\/general\/1r-i-2n-posem-color-a-lescola\/","title":{"rendered":"1r i 2n &#8211;  POSEM COLOR A L&#8217;ESCOLA!"},"content":{"rendered":"<p>Aquesta setmana els nens i nenes de primer i segon hem pintat un mural a la fa\u00e7ana de l&#8217;escola! La Gina Giore, ens ha ajudat i aqu\u00ed podeu veure el resultat. Moltes gr\u00e0cies Gina per la col\u00b7laboraci\u00f3! Estem molt contents i contentes de com ha quedat. Ara l&#8217;escola est\u00e0 molt m\u00e9s bonica!<\/p>\n<p><a href=\"https:\/\/photos.app.goo.gl\/oUcBQPbuhhfRfUsW6\">Fotos alumnes de 1r.<\/a><\/p>\n<p><a href=\"https:\/\/photos.app.goo.gl\/vdx7KzrBfdH5BDRD8\">Fotos alumnes 2n<\/a><\/p>\n<p><img loading=\"lazy\" decoding=\"async\" class=\"aligncenter size-large wp-image-3474\" src=\"https:\/\/agora.xtec.cat\/ceip-antoni-gaudi\/wp-content\/uploads\/usu683\/2021\/05\/WhatsApp-Image-2021-05-26-at-12.34.23-2-1024x384.jpeg\" alt=\"\" width=\"1024\" height=\"384\" srcset=\"https:\/\/agora.xtec.cat\/ceip-antoni-gaudi\/wp-content\/uploads\/usu683\/2021\/05\/WhatsApp-Image-2021-05-26-at-12.34.23-2-1024x384.jpeg 1024w, https:\/\/agora.xtec.cat\/ceip-antoni-gaudi\/wp-content\/uploads\/usu683\/2021\/05\/WhatsApp-Image-2021-05-26-at-12.34.23-2-300x113.jpeg 300w, https:\/\/agora.xtec.cat\/ceip-antoni-gaudi\/wp-content\/uploads\/usu683\/2021\/05\/WhatsApp-Image-2021-05-26-at-12.34.23-2-768x288.jpeg 768w, https:\/\/agora.xtec.cat\/ceip-antoni-gaudi\/wp-content\/uploads\/usu683\/2021\/05\/WhatsApp-Image-2021-05-26-at-12.34.23-2.jpeg 2000w\" sizes=\"auto, (max-width: 1024px) 100vw, 1024px\" \/><\/p>\n","protected":false},"excerpt":{"rendered":"<p>Aquesta setmana els nens i nenes de primer i segon hem pintat un mural a la fa\u00e7ana de l&#8217;escola! La Gina Giore, ens ha ajudat i aqu\u00ed podeu veure el resultat. Moltes gr\u00e0cies Gina per la col\u00b7laboraci\u00f3! Estem molt contents i contentes de com ha&hellip;  <a href=\"https:\/\/agora.xtec.cat\/ceip-antoni-gaudi\/general\/1r-i-2n-posem-color-a-lescola\/\" title=\"Read 1r i 2n &#8211;  POSEM COLOR A L&#8217;ESCOLA!\">Llegeix m\u00e9s\u00bb<\/a><\/p>\n","protected":false},"author":4,"featured_media":3474,"comment_status":"open","ping_status":"closed","sticky":false,"template":"","format":"standard","meta":{"_bbp_topic_count":0,"_bbp_reply_count":0,"_bbp_total_topic_count":0,"_bbp_total_reply_count":0,"_bbp_voice_count":0,"_bbp_anonymous_reply_count":0,"_bbp_topic_count_hidden":0,"_bbp_reply_count_hidden":0,"_bbp_forum_subforum_count":0,"footnotes":""},"categories":[1,10,11,4,229,5],"tags":[235],"class_list":["post-3473","post","type-post","status-publish","format-standard","has-post-thumbnail","hentry","category-general","category-p1","category-p2","category-portada","category-portada-portada","category-primaria","tag-ginagiore"],"post_mailing_queue_ids":[],"_links":{"self":[{"href":"https:\/\/agora.xtec.cat\/ceip-antoni-gaudi\/wp-json\/wp\/v2\/posts\/3473","targetHints":{"allow":["GET"]}}],"collection":[{"href":"https:\/\/agora.xtec.cat\/ceip-antoni-gaudi\/wp-json\/wp\/v2\/posts"}],"about":[{"href":"https:\/\/agora.xtec.cat\/ceip-antoni-gaudi\/wp-json\/wp\/v2\/types\/post"}],"author":[{"embeddable":true,"href":"https:\/\/agora.xtec.cat\/ceip-antoni-gaudi\/wp-json\/wp\/v2\/users\/4"}],"replies":[{"embeddable":true,"href":"https:\/\/agora.xtec.cat\/ceip-antoni-gaudi\/wp-json\/wp\/v2\/comments?post=3473"}],"version-history":[{"count":3,"href":"https:\/\/agora.xtec.cat\/ceip-antoni-gaudi\/wp-json\/wp\/v2\/posts\/3473\/revisions"}],"predecessor-version":[{"id":3492,"href":"https:\/\/agora.xtec.cat\/ceip-antoni-gaudi\/wp-json\/wp\/v2\/posts\/3473\/revisions\/3492"}],"wp:featuredmedia":[{"embeddable":true,"href":"https:\/\/agora.xtec.cat\/ceip-antoni-gaudi\/wp-json\/wp\/v2\/media\/3474"}],"wp:attachment":[{"href":"https:\/\/agora.xtec.cat\/ceip-antoni-gaudi\/wp-json\/wp\/v2\/media?parent=3473"}],"wp:term":[{"taxonomy":"category","embeddable":true,"href":"https:\/\/agora.xtec.cat\/ceip-antoni-gaudi\/wp-json\/wp\/v2\/categories?post=3473"},{"taxonomy":"post_tag","embeddable":true,"href":"https:\/\/agora.xtec.cat\/ceip-antoni-gaudi\/wp-json\/wp\/v2\/tags?post=3473"}],"curies":[{"name":"wp","href":"https:\/\/api.w.org\/{rel}","templated":true}]}}