{"id":3469,"date":"2021-05-24T10:14:23","date_gmt":"2021-05-24T08:14:23","guid":{"rendered":"http:\/\/agora.xtec.cat\/ceip-antoni-gaudi\/?p=3469"},"modified":"2021-05-25T15:26:39","modified_gmt":"2021-05-25T13:26:39","slug":"sortida-infantil-granja-daventura-park","status":"publish","type":"post","link":"https:\/\/agora.xtec.cat\/ceip-antoni-gaudi\/general\/sortida-infantil-granja-daventura-park\/","title":{"rendered":"SORTIDA INFANTIL: GRANJA D&#8217;AVENTURA PARK"},"content":{"rendered":"<p>Avui els alumnes d&#8217;Educaci\u00f3 Infantil est\u00e1n molt emocionats van d&#8217;excursi\u00f3 a la Granja d&#8217;aventura park!!On entre totes les activitats que faran podran veure i donar de menjar a animales t\u00edpics de granja. Aqu\u00ed en teniu totes les fotos que farem durant el dia d&#8217;avui.<\/p>\n<p><a href=\"https:\/\/photos.app.goo.gl\/CrsmZYRvwqD4rfiC8\"><img loading=\"lazy\" decoding=\"async\" class=\"aligncenter  wp-image-3471\" src=\"https:\/\/agora.xtec.cat\/ceip-antoni-gaudi\/wp-content\/uploads\/usu683\/2021\/05\/Granja-Aventura-Park-1.jpg\" alt=\"\" width=\"360\" height=\"240\" srcset=\"https:\/\/agora.xtec.cat\/ceip-antoni-gaudi\/wp-content\/uploads\/usu683\/2021\/05\/Granja-Aventura-Park-1.jpg 650w, https:\/\/agora.xtec.cat\/ceip-antoni-gaudi\/wp-content\/uploads\/usu683\/2021\/05\/Granja-Aventura-Park-1-300x200.jpg 300w\" sizes=\"auto, (max-width: 360px) 100vw, 360px\" \/><\/a><\/p>\n","protected":false},"excerpt":{"rendered":"<p>Avui els alumnes d&#8217;Educaci\u00f3 Infantil est\u00e1n molt emocionats van d&#8217;excursi\u00f3 a la Granja d&#8217;aventura park!!On entre totes les activitats que faran podran veure i donar de menjar a animales t\u00edpics de granja. Aqu\u00ed en teniu totes les fotos que farem durant el dia d&#8217;avui.<br \/>\n<a href=\"https:\/\/photos.app.goo.gl\/CrsmZYRvwqD4rfiC8\"><\/a><\/p>\n","protected":false},"author":6,"featured_media":0,"comment_status":"open","ping_status":"closed","sticky":false,"template":"","format":"standard","meta":{"_bbp_topic_count":0,"_bbp_reply_count":0,"_bbp_total_topic_count":0,"_bbp_total_reply_count":0,"_bbp_voice_count":0,"_bbp_anonymous_reply_count":0,"_bbp_topic_count_hidden":0,"_bbp_reply_count_hidden":0,"_bbp_forum_subforum_count":0,"footnotes":""},"categories":[1,2,4],"tags":[],"class_list":["post-3469","post","type-post","status-publish","format-standard","hentry","category-general","category-infantil","category-portada"],"post_mailing_queue_ids":[],"_links":{"self":[{"href":"https:\/\/agora.xtec.cat\/ceip-antoni-gaudi\/wp-json\/wp\/v2\/posts\/3469","targetHints":{"allow":["GET"]}}],"collection":[{"href":"https:\/\/agora.xtec.cat\/ceip-antoni-gaudi\/wp-json\/wp\/v2\/posts"}],"about":[{"href":"https:\/\/agora.xtec.cat\/ceip-antoni-gaudi\/wp-json\/wp\/v2\/types\/post"}],"author":[{"embeddable":true,"href":"https:\/\/agora.xtec.cat\/ceip-antoni-gaudi\/wp-json\/wp\/v2\/users\/6"}],"replies":[{"embeddable":true,"href":"https:\/\/agora.xtec.cat\/ceip-antoni-gaudi\/wp-json\/wp\/v2\/comments?post=3469"}],"version-history":[{"count":2,"href":"https:\/\/agora.xtec.cat\/ceip-antoni-gaudi\/wp-json\/wp\/v2\/posts\/3469\/revisions"}],"predecessor-version":[{"id":3472,"href":"https:\/\/agora.xtec.cat\/ceip-antoni-gaudi\/wp-json\/wp\/v2\/posts\/3469\/revisions\/3472"}],"wp:attachment":[{"href":"https:\/\/agora.xtec.cat\/ceip-antoni-gaudi\/wp-json\/wp\/v2\/media?parent=3469"}],"wp:term":[{"taxonomy":"category","embeddable":true,"href":"https:\/\/agora.xtec.cat\/ceip-antoni-gaudi\/wp-json\/wp\/v2\/categories?post=3469"},{"taxonomy":"post_tag","embeddable":true,"href":"https:\/\/agora.xtec.cat\/ceip-antoni-gaudi\/wp-json\/wp\/v2\/tags?post=3469"}],"curies":[{"name":"wp","href":"https:\/\/api.w.org\/{rel}","templated":true}]}}