{"id":3453,"date":"2021-05-18T15:57:53","date_gmt":"2021-05-18T13:57:53","guid":{"rendered":"http:\/\/agora.xtec.cat\/ceip-antoni-gaudi\/?p=3453"},"modified":"2021-05-18T16:01:17","modified_gmt":"2021-05-18T14:01:17","slug":"juguem-al-pati-p4-i-p5","status":"publish","type":"post","link":"https:\/\/agora.xtec.cat\/ceip-antoni-gaudi\/general\/juguem-al-pati-p4-i-p5\/","title":{"rendered":"JUGUEM AL PATI P4 i P5"},"content":{"rendered":"<p style=\"text-align: justify;\">El <span style=\"color: #008000;\"><em><strong>pati<\/strong> <\/em><\/span>permet als infants explorar, experimentar, aprendre, establir relacions amb els altres, socialitzar-se, gaudir&#8230; Per aix\u00f2 considerem que \u00e9s un espai m\u00e9s d&#8217;aprenentatge que cal fomentar perqu\u00e8 els nens i nenes es desenvolupin plenament.<\/p>\n<p style=\"text-align: justify;\">A continuaci\u00f3 us deixem un recull d&#8217;imatges perqu\u00e8 mireu que b\u00e9 ens ho passem!<\/p>\n<p><a href=\"https:\/\/photos.app.goo.gl\/sJvY4ewAFCdGwr1J8\"><img loading=\"lazy\" decoding=\"async\" class=\"wp-image-3454 alignleft\" src=\"https:\/\/agora.xtec.cat\/ceip-antoni-gaudi\/wp-content\/uploads\/usu683\/2021\/05\/P4.png\" alt=\"\" width=\"163\" height=\"143\" srcset=\"https:\/\/agora.xtec.cat\/ceip-antoni-gaudi\/wp-content\/uploads\/usu683\/2021\/05\/P4.png 907w, https:\/\/agora.xtec.cat\/ceip-antoni-gaudi\/wp-content\/uploads\/usu683\/2021\/05\/P4-300x263.png 300w, https:\/\/agora.xtec.cat\/ceip-antoni-gaudi\/wp-content\/uploads\/usu683\/2021\/05\/P4-768x673.png 768w\" sizes=\"auto, (max-width: 163px) 100vw, 163px\" \/><\/a> <a href=\"https:\/\/photos.app.goo.gl\/tmPT58VWgz7QzShp9\"><img loading=\"lazy\" decoding=\"async\" class=\"wp-image-3455 alignleft\" src=\"https:\/\/agora.xtec.cat\/ceip-antoni-gaudi\/wp-content\/uploads\/usu683\/2021\/05\/P55.jpg\" alt=\"\" width=\"182\" height=\"137\" srcset=\"https:\/\/agora.xtec.cat\/ceip-antoni-gaudi\/wp-content\/uploads\/usu683\/2021\/05\/P55.jpg 1961w, https:\/\/agora.xtec.cat\/ceip-antoni-gaudi\/wp-content\/uploads\/usu683\/2021\/05\/P55-300x226.jpg 300w, https:\/\/agora.xtec.cat\/ceip-antoni-gaudi\/wp-content\/uploads\/usu683\/2021\/05\/P55-768x579.jpg 768w, https:\/\/agora.xtec.cat\/ceip-antoni-gaudi\/wp-content\/uploads\/usu683\/2021\/05\/P55-1024x772.jpg 1024w, https:\/\/agora.xtec.cat\/ceip-antoni-gaudi\/wp-content\/uploads\/usu683\/2021\/05\/P55-200x150.jpg 200w\" sizes=\"auto, (max-width: 182px) 100vw, 182px\" \/> <\/a><\/p>\n","protected":false},"excerpt":{"rendered":"<p>El pati permet als infants explorar, experimentar, aprendre, establir relacions amb els altres, socialitzar-se, gaudir&#8230; Per aix\u00f2 considerem que \u00e9s un espai m\u00e9s d&#8217;aprenentatge que cal fomentar perqu\u00e8 els nens i nenes es desenvolupin plenament.<br \/>\nA continuaci\u00f3 us deixem un recull d&#8217;imatges perqu\u00e8 mireu que b\u00e9&hellip;  <a href=\"https:\/\/agora.xtec.cat\/ceip-antoni-gaudi\/general\/juguem-al-pati-p4-i-p5\/\" title=\"Read JUGUEM AL PATI P4 i P5\">Llegeix m\u00e9s\u00bb<\/a><\/p>\n","protected":false},"author":6,"featured_media":516,"comment_status":"open","ping_status":"closed","sticky":false,"template":"","format":"standard","meta":{"_bbp_topic_count":0,"_bbp_reply_count":0,"_bbp_total_topic_count":0,"_bbp_total_reply_count":0,"_bbp_voice_count":0,"_bbp_anonymous_reply_count":0,"_bbp_topic_count_hidden":0,"_bbp_reply_count_hidden":0,"_bbp_forum_subforum_count":0,"footnotes":""},"categories":[1,8,9,2,4],"tags":[],"class_list":["post-3453","post","type-post","status-publish","format-standard","has-post-thumbnail","hentry","category-general","category-i4","category-i5","category-infantil","category-portada"],"post_mailing_queue_ids":[],"_links":{"self":[{"href":"https:\/\/agora.xtec.cat\/ceip-antoni-gaudi\/wp-json\/wp\/v2\/posts\/3453","targetHints":{"allow":["GET"]}}],"collection":[{"href":"https:\/\/agora.xtec.cat\/ceip-antoni-gaudi\/wp-json\/wp\/v2\/posts"}],"about":[{"href":"https:\/\/agora.xtec.cat\/ceip-antoni-gaudi\/wp-json\/wp\/v2\/types\/post"}],"author":[{"embeddable":true,"href":"https:\/\/agora.xtec.cat\/ceip-antoni-gaudi\/wp-json\/wp\/v2\/users\/6"}],"replies":[{"embeddable":true,"href":"https:\/\/agora.xtec.cat\/ceip-antoni-gaudi\/wp-json\/wp\/v2\/comments?post=3453"}],"version-history":[{"count":4,"href":"https:\/\/agora.xtec.cat\/ceip-antoni-gaudi\/wp-json\/wp\/v2\/posts\/3453\/revisions"}],"predecessor-version":[{"id":3460,"href":"https:\/\/agora.xtec.cat\/ceip-antoni-gaudi\/wp-json\/wp\/v2\/posts\/3453\/revisions\/3460"}],"wp:featuredmedia":[{"embeddable":true,"href":"https:\/\/agora.xtec.cat\/ceip-antoni-gaudi\/wp-json\/wp\/v2\/media\/516"}],"wp:attachment":[{"href":"https:\/\/agora.xtec.cat\/ceip-antoni-gaudi\/wp-json\/wp\/v2\/media?parent=3453"}],"wp:term":[{"taxonomy":"category","embeddable":true,"href":"https:\/\/agora.xtec.cat\/ceip-antoni-gaudi\/wp-json\/wp\/v2\/categories?post=3453"},{"taxonomy":"post_tag","embeddable":true,"href":"https:\/\/agora.xtec.cat\/ceip-antoni-gaudi\/wp-json\/wp\/v2\/tags?post=3453"}],"curies":[{"name":"wp","href":"https:\/\/api.w.org\/{rel}","templated":true}]}}