{"id":3450,"date":"2021-05-18T15:15:15","date_gmt":"2021-05-18T13:15:15","guid":{"rendered":"http:\/\/agora.xtec.cat\/ceip-antoni-gaudi\/?p=3450"},"modified":"2021-05-18T15:15:15","modified_gmt":"2021-05-18T13:15:15","slug":"taules-de-llum-a-p3","status":"publish","type":"post","link":"https:\/\/agora.xtec.cat\/ceip-antoni-gaudi\/general\/taules-de-llum-a-p3\/","title":{"rendered":"TAULES DE LLUM A P3"},"content":{"rendered":"<p>Les taules de llum s\u00f3n molt atractives per\u00a0als infants\u00a0i a m\u00e9s a m\u00e9s ens permeten aprendre d&#8217;una manera l\u00fadica. Hem experimentat amb\u00a0cercles\u00a0(ja que darrerament hem treballat a\u00a0Kandinsky), amb pedres de colors i blocs de construccions. Els infants han pogut crear i experimentar amb cossos transl\u00facids i opacs, observar reflexos,\u00a0barreges\u00a0de colors, ombres&#8230;<\/p>\n<p>Han gaudit molt, podeu veure fotos i v\u00eddeos clicant a la foto.<\/p>\n<p><a href=\"https:\/\/photos.app.goo.gl\/D9JFoQtpcsxqiBGS9\"><img loading=\"lazy\" decoding=\"async\" class=\"aligncenter  wp-image-3451\" src=\"https:\/\/agora.xtec.cat\/ceip-antoni-gaudi\/wp-content\/uploads\/usu683\/2021\/05\/1619685870873-min.jpg\" alt=\"\" width=\"165\" height=\"221\" srcset=\"https:\/\/agora.xtec.cat\/ceip-antoni-gaudi\/wp-content\/uploads\/usu683\/2021\/05\/1619685870873-min.jpg 2992w, https:\/\/agora.xtec.cat\/ceip-antoni-gaudi\/wp-content\/uploads\/usu683\/2021\/05\/1619685870873-min-224x300.jpg 224w, https:\/\/agora.xtec.cat\/ceip-antoni-gaudi\/wp-content\/uploads\/usu683\/2021\/05\/1619685870873-min-768x1027.jpg 768w, https:\/\/agora.xtec.cat\/ceip-antoni-gaudi\/wp-content\/uploads\/usu683\/2021\/05\/1619685870873-min-766x1024.jpg 766w\" sizes=\"auto, (max-width: 165px) 100vw, 165px\" \/><\/a><\/p>\n","protected":false},"excerpt":{"rendered":"<p>Les taules de llum s\u00f3n molt atractives per\u00a0als infants\u00a0i a m\u00e9s a m\u00e9s ens permeten aprendre d&#8217;una manera l\u00fadica. Hem experimentat amb\u00a0cercles\u00a0(ja que darrerament hem treballat a\u00a0Kandinsky), amb pedres de colors i blocs de construccions. Els infants han pogut crear i experimentar amb cossos transl\u00facids&hellip;  <a href=\"https:\/\/agora.xtec.cat\/ceip-antoni-gaudi\/general\/taules-de-llum-a-p3\/\" title=\"Read TAULES DE LLUM A P3\">Llegeix m\u00e9s\u00bb<\/a><\/p>\n","protected":false},"author":6,"featured_media":3451,"comment_status":"open","ping_status":"closed","sticky":false,"template":"","format":"standard","meta":{"_bbp_topic_count":0,"_bbp_reply_count":0,"_bbp_total_topic_count":0,"_bbp_total_reply_count":0,"_bbp_voice_count":0,"_bbp_anonymous_reply_count":0,"_bbp_topic_count_hidden":0,"_bbp_reply_count_hidden":0,"_bbp_forum_subforum_count":0,"footnotes":""},"categories":[1,3,2,4,229],"tags":[],"class_list":["post-3450","post","type-post","status-publish","format-standard","has-post-thumbnail","hentry","category-general","category-i3","category-infantil","category-portada","category-portada-portada"],"post_mailing_queue_ids":[],"_links":{"self":[{"href":"https:\/\/agora.xtec.cat\/ceip-antoni-gaudi\/wp-json\/wp\/v2\/posts\/3450","targetHints":{"allow":["GET"]}}],"collection":[{"href":"https:\/\/agora.xtec.cat\/ceip-antoni-gaudi\/wp-json\/wp\/v2\/posts"}],"about":[{"href":"https:\/\/agora.xtec.cat\/ceip-antoni-gaudi\/wp-json\/wp\/v2\/types\/post"}],"author":[{"embeddable":true,"href":"https:\/\/agora.xtec.cat\/ceip-antoni-gaudi\/wp-json\/wp\/v2\/users\/6"}],"replies":[{"embeddable":true,"href":"https:\/\/agora.xtec.cat\/ceip-antoni-gaudi\/wp-json\/wp\/v2\/comments?post=3450"}],"version-history":[{"count":1,"href":"https:\/\/agora.xtec.cat\/ceip-antoni-gaudi\/wp-json\/wp\/v2\/posts\/3450\/revisions"}],"predecessor-version":[{"id":3452,"href":"https:\/\/agora.xtec.cat\/ceip-antoni-gaudi\/wp-json\/wp\/v2\/posts\/3450\/revisions\/3452"}],"wp:featuredmedia":[{"embeddable":true,"href":"https:\/\/agora.xtec.cat\/ceip-antoni-gaudi\/wp-json\/wp\/v2\/media\/3451"}],"wp:attachment":[{"href":"https:\/\/agora.xtec.cat\/ceip-antoni-gaudi\/wp-json\/wp\/v2\/media?parent=3450"}],"wp:term":[{"taxonomy":"category","embeddable":true,"href":"https:\/\/agora.xtec.cat\/ceip-antoni-gaudi\/wp-json\/wp\/v2\/categories?post=3450"},{"taxonomy":"post_tag","embeddable":true,"href":"https:\/\/agora.xtec.cat\/ceip-antoni-gaudi\/wp-json\/wp\/v2\/tags?post=3450"}],"curies":[{"name":"wp","href":"https:\/\/api.w.org\/{rel}","templated":true}]}}