{"id":3439,"date":"2021-05-13T10:37:49","date_gmt":"2021-05-13T08:37:49","guid":{"rendered":"http:\/\/agora.xtec.cat\/ceip-antoni-gaudi\/?p=3439"},"modified":"2021-05-13T10:37:49","modified_gmt":"2021-05-13T08:37:49","slug":"2n-durant-les-colonies","status":"publish","type":"post","link":"https:\/\/agora.xtec.cat\/ceip-antoni-gaudi\/portada\/2n-durant-les-colonies\/","title":{"rendered":"2n. Durant les col\u00f2nies&#8230;"},"content":{"rendered":"<p><img decoding=\"async\" src=\"https:\/\/agora.xtec.cat\/ceip-antoni-gaudi\/wp-content\/uploads\/usu683\/2021\/05\/PHOTO-2021-05-12-18-10-20-2.jpg\" \/>Alguns nens i nenes de 2n no hem pogut anar de col\u00f2nies i ens hem quedat a classe. Tamb\u00e9 ens ho hem passat for\u00e7a b\u00e9!.<\/p>\n<p>Hem fet una miqueta de feina amb Chrombooks, activitats de pl\u00e0stica amb pintura i aquarel\u00b7les, hem fet pati al parc del Dia, hem jugat a classe, hem acabat de plantar l&#8217;hort i hem menjat crispetes mirant una peli. No ha estat gens malament!.<\/p>\n<p><a href=\"https:\/\/photos.app.goo.gl\/gHnpjwVhM2dSyMxz6\">Fotos.<\/a><\/p>\n","protected":false},"excerpt":{"rendered":"<p>Alguns nens i nenes de 2n no hem pogut anar de col\u00f2nies i ens hem quedat a classe. Tamb\u00e9 ens ho hem passat for\u00e7a b\u00e9!.<br \/>\nHem fet una miqueta de feina amb Chrombooks, activitats de pl\u00e0stica amb pintura i aquarel\u00b7les, hem fet pati al parc del&hellip;  <a href=\"https:\/\/agora.xtec.cat\/ceip-antoni-gaudi\/portada\/2n-durant-les-colonies\/\" title=\"Read 2n. Durant les col\u00f2nies&#8230;\">Llegeix m\u00e9s\u00bb<\/a><\/p>\n","protected":false},"author":4,"featured_media":3440,"comment_status":"open","ping_status":"closed","sticky":false,"template":"","format":"standard","meta":{"_bbp_topic_count":0,"_bbp_reply_count":0,"_bbp_total_topic_count":0,"_bbp_total_reply_count":0,"_bbp_voice_count":0,"_bbp_anonymous_reply_count":0,"_bbp_topic_count_hidden":0,"_bbp_reply_count_hidden":0,"_bbp_forum_subforum_count":0,"footnotes":""},"categories":[11,4],"tags":[],"class_list":["post-3439","post","type-post","status-publish","format-standard","has-post-thumbnail","hentry","category-p2","category-portada"],"post_mailing_queue_ids":[],"_links":{"self":[{"href":"https:\/\/agora.xtec.cat\/ceip-antoni-gaudi\/wp-json\/wp\/v2\/posts\/3439","targetHints":{"allow":["GET"]}}],"collection":[{"href":"https:\/\/agora.xtec.cat\/ceip-antoni-gaudi\/wp-json\/wp\/v2\/posts"}],"about":[{"href":"https:\/\/agora.xtec.cat\/ceip-antoni-gaudi\/wp-json\/wp\/v2\/types\/post"}],"author":[{"embeddable":true,"href":"https:\/\/agora.xtec.cat\/ceip-antoni-gaudi\/wp-json\/wp\/v2\/users\/4"}],"replies":[{"embeddable":true,"href":"https:\/\/agora.xtec.cat\/ceip-antoni-gaudi\/wp-json\/wp\/v2\/comments?post=3439"}],"version-history":[{"count":1,"href":"https:\/\/agora.xtec.cat\/ceip-antoni-gaudi\/wp-json\/wp\/v2\/posts\/3439\/revisions"}],"predecessor-version":[{"id":3441,"href":"https:\/\/agora.xtec.cat\/ceip-antoni-gaudi\/wp-json\/wp\/v2\/posts\/3439\/revisions\/3441"}],"wp:featuredmedia":[{"embeddable":true,"href":"https:\/\/agora.xtec.cat\/ceip-antoni-gaudi\/wp-json\/wp\/v2\/media\/3440"}],"wp:attachment":[{"href":"https:\/\/agora.xtec.cat\/ceip-antoni-gaudi\/wp-json\/wp\/v2\/media?parent=3439"}],"wp:term":[{"taxonomy":"category","embeddable":true,"href":"https:\/\/agora.xtec.cat\/ceip-antoni-gaudi\/wp-json\/wp\/v2\/categories?post=3439"},{"taxonomy":"post_tag","embeddable":true,"href":"https:\/\/agora.xtec.cat\/ceip-antoni-gaudi\/wp-json\/wp\/v2\/tags?post=3439"}],"curies":[{"name":"wp","href":"https:\/\/api.w.org\/{rel}","templated":true}]}}