{"id":3378,"date":"2021-05-07T11:13:10","date_gmt":"2021-05-07T09:13:10","guid":{"rendered":"http:\/\/agora.xtec.cat\/ceip-antoni-gaudi\/?p=3378"},"modified":"2021-05-07T11:14:23","modified_gmt":"2021-05-07T09:14:23","slug":"1r-descobrim-els-murals-de-la-ginagiore","status":"publish","type":"post","link":"https:\/\/agora.xtec.cat\/ceip-antoni-gaudi\/general\/1r-descobrim-els-murals-de-la-ginagiore\/","title":{"rendered":"1r &#8211; DESCOBRIM ELS MURALS DE LA GINAGIORE"},"content":{"rendered":"<p>El passat dimarts 5 de maig, els nens i nenes de primer vam poder fer una passejada pel rec d&#8217;Igualada acompanyats per l&#8217;artista Gina Giore. Ella ens va mostrar i explicar els seus grafittis! i vam poder gaudir d&#8217;un mat\u00ed fant\u00e0stic. D&#8217;aquesta manera hem comen\u00e7at el projecte art\u00edstic d&#8217;aquest trimestre relacionat amb l&#8217;art urb\u00e0. Encara ens esperen moltes sorpreses m\u00e9s. Estigueu al cas!<\/p>\n<p>A continuaci\u00f3 us deixem algunes fotos de la sortida. Clica <a href=\"https:\/\/photos.app.goo.gl\/vfhDmeQtrLXABoug8\">AQU\u00cd<\/a> per poder-les veure!<\/p>\n<p>&nbsp;<\/p>\n","protected":false},"excerpt":{"rendered":"<p>El passat dimarts 5 de maig, els nens i nenes de primer vam poder fer una passejada pel rec d&#8217;Igualada acompanyats per l&#8217;artista Gina Giore. Ella ens va mostrar i explicar els seus grafittis! i vam poder gaudir d&#8217;un mat\u00ed fant\u00e0stic. D&#8217;aquesta manera hem comen\u00e7at&hellip;  <a href=\"https:\/\/agora.xtec.cat\/ceip-antoni-gaudi\/general\/1r-descobrim-els-murals-de-la-ginagiore\/\" title=\"Read 1r &#8211; DESCOBRIM ELS MURALS DE LA GINAGIORE\">Llegeix m\u00e9s\u00bb<\/a><\/p>\n","protected":false},"author":4,"featured_media":3392,"comment_status":"open","ping_status":"closed","sticky":false,"template":"","format":"standard","meta":{"_bbp_topic_count":0,"_bbp_reply_count":0,"_bbp_total_topic_count":0,"_bbp_total_reply_count":0,"_bbp_voice_count":0,"_bbp_anonymous_reply_count":0,"_bbp_topic_count_hidden":0,"_bbp_reply_count_hidden":0,"_bbp_forum_subforum_count":0,"footnotes":""},"categories":[1,10,4,5],"tags":[],"class_list":["post-3378","post","type-post","status-publish","format-standard","has-post-thumbnail","hentry","category-general","category-p1","category-portada","category-primaria"],"post_mailing_queue_ids":[],"_links":{"self":[{"href":"https:\/\/agora.xtec.cat\/ceip-antoni-gaudi\/wp-json\/wp\/v2\/posts\/3378","targetHints":{"allow":["GET"]}}],"collection":[{"href":"https:\/\/agora.xtec.cat\/ceip-antoni-gaudi\/wp-json\/wp\/v2\/posts"}],"about":[{"href":"https:\/\/agora.xtec.cat\/ceip-antoni-gaudi\/wp-json\/wp\/v2\/types\/post"}],"author":[{"embeddable":true,"href":"https:\/\/agora.xtec.cat\/ceip-antoni-gaudi\/wp-json\/wp\/v2\/users\/4"}],"replies":[{"embeddable":true,"href":"https:\/\/agora.xtec.cat\/ceip-antoni-gaudi\/wp-json\/wp\/v2\/comments?post=3378"}],"version-history":[{"count":2,"href":"https:\/\/agora.xtec.cat\/ceip-antoni-gaudi\/wp-json\/wp\/v2\/posts\/3378\/revisions"}],"predecessor-version":[{"id":3393,"href":"https:\/\/agora.xtec.cat\/ceip-antoni-gaudi\/wp-json\/wp\/v2\/posts\/3378\/revisions\/3393"}],"wp:featuredmedia":[{"embeddable":true,"href":"https:\/\/agora.xtec.cat\/ceip-antoni-gaudi\/wp-json\/wp\/v2\/media\/3392"}],"wp:attachment":[{"href":"https:\/\/agora.xtec.cat\/ceip-antoni-gaudi\/wp-json\/wp\/v2\/media?parent=3378"}],"wp:term":[{"taxonomy":"category","embeddable":true,"href":"https:\/\/agora.xtec.cat\/ceip-antoni-gaudi\/wp-json\/wp\/v2\/categories?post=3378"},{"taxonomy":"post_tag","embeddable":true,"href":"https:\/\/agora.xtec.cat\/ceip-antoni-gaudi\/wp-json\/wp\/v2\/tags?post=3378"}],"curies":[{"name":"wp","href":"https:\/\/api.w.org\/{rel}","templated":true}]}}