{"id":3372,"date":"2021-05-06T13:43:12","date_gmt":"2021-05-06T11:43:12","guid":{"rendered":"http:\/\/agora.xtec.cat\/ceip-antoni-gaudi\/?p=3372"},"modified":"2021-05-06T13:43:12","modified_gmt":"2021-05-06T11:43:12","slug":"2n-viatja-per-la-galaxia","status":"publish","type":"post","link":"https:\/\/agora.xtec.cat\/ceip-antoni-gaudi\/general\/2n-viatja-per-la-galaxia\/","title":{"rendered":"2n. Viatja per la Gal\u00e0xia"},"content":{"rendered":"<p><img loading=\"lazy\" decoding=\"async\" class=\"cc_cursor alignnone\" src=\"https:\/\/agora.xtec.cat\/ceip-antoni-gaudi\/wp-content\/uploads\/usu683\/2021\/05\/PHOTO-2021-05-05-13-31-21_1.jpg\" width=\"813\" height=\"610\" \/><\/p>\n<p>El dimarts l&#8217;alumnat de 2n va visitar l&#8217;Observatori de Pujalt. \u00c9s el segon observatori m\u00e9s gran de Catalunya i est\u00e0 dedicat tant a la difusi\u00f3 de la ci\u00e8ncia com a realitzar investigaci\u00f3 cient\u00edfica.<\/p>\n<p>Quan vam arribar el primer que van fer va ser observar el Sol des d&#8217;un telescopi especial per a poder mirar amb seguretat. Despr\u00e9s vam viatjar per l&#8217;espai, des del Sol passant per tots els planetes fins a arribar a Nept\u00fa. Al\u00a0 trajecte vam aprendre moltes curiositats dels planetes, del Sol, de la Lluna, i de l&#8217;Univers en general. Sabies que J\u00fapiter t\u00e9 80 &#8220;llunes&#8221;?, o que a Mart hi ha una muntanya\u00a0 que \u00e9s gaireb\u00e9 3 vegades m\u00e9s alta que l&#8217;Everest?&#8230;<\/p>\n<p>En fi, un viatge al\u00b7lucinat per tota la gal\u00e0xia per arribar al nostre planeta Terra, que \u00e9s \u00fanic i molt especial. Vam aterrar justament a l&#8217;hora de dinar i despr\u00e9s vam jugar molt i gaudir del bon temps&#8230;<\/p>\n<p>Mireu les fotos clicant aqu\u00ed.<\/p>\n<p><a href=\"https:\/\/photos.app.goo.gl\/TA4cCKJSUJq6Xc1ZA\">2n A<\/a><\/p>\n<p><a href=\"https:\/\/photos.app.goo.gl\/K5py7GcDxSn51ZEm7\">2n B<\/a><\/p>\n","protected":false},"excerpt":{"rendered":"<p>El dimarts l&#8217;alumnat de 2n va visitar l&#8217;Observatori de Pujalt. \u00c9s el segon observatori m\u00e9s gran de Catalunya i est\u00e0 dedicat tant a la difusi\u00f3 de la ci\u00e8ncia com a realitzar investigaci\u00f3 cient\u00edfica.<br \/>\nQuan vam arribar el primer que van fer va ser observar el Sol&hellip;  <a href=\"https:\/\/agora.xtec.cat\/ceip-antoni-gaudi\/general\/2n-viatja-per-la-galaxia\/\" title=\"Read 2n. Viatja per la Gal\u00e0xia\">Llegeix m\u00e9s\u00bb<\/a><\/p>\n","protected":false},"author":4,"featured_media":3379,"comment_status":"open","ping_status":"closed","sticky":false,"template":"","format":"standard","meta":{"_bbp_topic_count":0,"_bbp_reply_count":0,"_bbp_total_topic_count":0,"_bbp_total_reply_count":0,"_bbp_voice_count":0,"_bbp_anonymous_reply_count":0,"_bbp_topic_count_hidden":0,"_bbp_reply_count_hidden":0,"_bbp_forum_subforum_count":0,"footnotes":""},"categories":[1,11,4],"tags":[],"class_list":["post-3372","post","type-post","status-publish","format-standard","has-post-thumbnail","hentry","category-general","category-p2","category-portada"],"post_mailing_queue_ids":[],"_links":{"self":[{"href":"https:\/\/agora.xtec.cat\/ceip-antoni-gaudi\/wp-json\/wp\/v2\/posts\/3372","targetHints":{"allow":["GET"]}}],"collection":[{"href":"https:\/\/agora.xtec.cat\/ceip-antoni-gaudi\/wp-json\/wp\/v2\/posts"}],"about":[{"href":"https:\/\/agora.xtec.cat\/ceip-antoni-gaudi\/wp-json\/wp\/v2\/types\/post"}],"author":[{"embeddable":true,"href":"https:\/\/agora.xtec.cat\/ceip-antoni-gaudi\/wp-json\/wp\/v2\/users\/4"}],"replies":[{"embeddable":true,"href":"https:\/\/agora.xtec.cat\/ceip-antoni-gaudi\/wp-json\/wp\/v2\/comments?post=3372"}],"version-history":[{"count":3,"href":"https:\/\/agora.xtec.cat\/ceip-antoni-gaudi\/wp-json\/wp\/v2\/posts\/3372\/revisions"}],"predecessor-version":[{"id":3384,"href":"https:\/\/agora.xtec.cat\/ceip-antoni-gaudi\/wp-json\/wp\/v2\/posts\/3372\/revisions\/3384"}],"wp:featuredmedia":[{"embeddable":true,"href":"https:\/\/agora.xtec.cat\/ceip-antoni-gaudi\/wp-json\/wp\/v2\/media\/3379"}],"wp:attachment":[{"href":"https:\/\/agora.xtec.cat\/ceip-antoni-gaudi\/wp-json\/wp\/v2\/media?parent=3372"}],"wp:term":[{"taxonomy":"category","embeddable":true,"href":"https:\/\/agora.xtec.cat\/ceip-antoni-gaudi\/wp-json\/wp\/v2\/categories?post=3372"},{"taxonomy":"post_tag","embeddable":true,"href":"https:\/\/agora.xtec.cat\/ceip-antoni-gaudi\/wp-json\/wp\/v2\/tags?post=3372"}],"curies":[{"name":"wp","href":"https:\/\/api.w.org\/{rel}","templated":true}]}}