{"id":3352,"date":"2021-04-27T16:44:11","date_gmt":"2021-04-27T14:44:11","guid":{"rendered":"http:\/\/agora.xtec.cat\/ceip-antoni-gaudi\/?p=3352"},"modified":"2021-04-28T12:11:01","modified_gmt":"2021-04-28T10:11:01","slug":"1r-certamen-literari","status":"publish","type":"post","link":"https:\/\/agora.xtec.cat\/ceip-antoni-gaudi\/general\/1r-certamen-literari\/","title":{"rendered":"1R- CERTAMEN LITERARI"},"content":{"rendered":"<p>Els nens i nenes de primer hem participat al certamen literari que va organitzar l&#8217;escola en motiu de la diada de Sant Jordi. Cada nen\/a va escriure un microrelat relacionat amb el nom de la classe! Van sortir hist\u00f2ries molt i molt divertides per\u00f2 nom\u00e8s va poder guanyar un microrelat per classe. Tots els delgats de l&#8217;escola van fer de jurat i van ser els encarregats d&#8217;escollir els microrelats guanyadors.<\/p>\n<p>A continuaci\u00f3 us adjuntem les guanyadores, la Cl\u00e0udia (1rA) i l&#8217;Elena (1rB), fent la lectura del seu microrelat. Cliqueu la imatge de la nostra paradeta de St Jordi per poder escoltar-los!<\/p>\n<p><a href=\"https:\/\/photos.app.goo.gl\/sFD5NEwbPi2ES7h87\"><img loading=\"lazy\" decoding=\"async\" class=\"aligncenter size-medium wp-image-3353\" src=\"https:\/\/agora.xtec.cat\/ceip-antoni-gaudi\/wp-content\/uploads\/usu683\/2021\/04\/paradeta-certamen-literari-300x264.jpeg\" alt=\"\" width=\"300\" height=\"264\" srcset=\"https:\/\/agora.xtec.cat\/ceip-antoni-gaudi\/wp-content\/uploads\/usu683\/2021\/04\/paradeta-certamen-literari-300x264.jpeg 300w, https:\/\/agora.xtec.cat\/ceip-antoni-gaudi\/wp-content\/uploads\/usu683\/2021\/04\/paradeta-certamen-literari-768x675.jpeg 768w, https:\/\/agora.xtec.cat\/ceip-antoni-gaudi\/wp-content\/uploads\/usu683\/2021\/04\/paradeta-certamen-literari-1024x900.jpeg 1024w, https:\/\/agora.xtec.cat\/ceip-antoni-gaudi\/wp-content\/uploads\/usu683\/2021\/04\/paradeta-certamen-literari.jpeg 1600w\" sizes=\"auto, (max-width: 300px) 100vw, 300px\" \/><\/a><\/p>\n<p>&nbsp;<\/p>\n<p>&nbsp;<\/p>\n","protected":false},"excerpt":{"rendered":"<p>Els nens i nenes de primer hem participat al certamen literari que va organitzar l&#8217;escola en motiu de la diada de Sant Jordi. Cada nen\/a va escriure un microrelat relacionat amb el nom de la classe! Van sortir hist\u00f2ries molt i molt divertides per\u00f2 nom\u00e8s&hellip;  <a href=\"https:\/\/agora.xtec.cat\/ceip-antoni-gaudi\/general\/1r-certamen-literari\/\" title=\"Read 1R- CERTAMEN LITERARI\">Llegeix m\u00e9s\u00bb<\/a><\/p>\n","protected":false},"author":4,"featured_media":3356,"comment_status":"open","ping_status":"closed","sticky":false,"template":"","format":"standard","meta":{"_bbp_topic_count":0,"_bbp_reply_count":0,"_bbp_total_topic_count":0,"_bbp_total_reply_count":0,"_bbp_voice_count":0,"_bbp_anonymous_reply_count":0,"_bbp_topic_count_hidden":0,"_bbp_reply_count_hidden":0,"_bbp_forum_subforum_count":0,"footnotes":""},"categories":[1,10,4],"tags":[],"class_list":["post-3352","post","type-post","status-publish","format-standard","has-post-thumbnail","hentry","category-general","category-p1","category-portada"],"post_mailing_queue_ids":[],"_links":{"self":[{"href":"https:\/\/agora.xtec.cat\/ceip-antoni-gaudi\/wp-json\/wp\/v2\/posts\/3352","targetHints":{"allow":["GET"]}}],"collection":[{"href":"https:\/\/agora.xtec.cat\/ceip-antoni-gaudi\/wp-json\/wp\/v2\/posts"}],"about":[{"href":"https:\/\/agora.xtec.cat\/ceip-antoni-gaudi\/wp-json\/wp\/v2\/types\/post"}],"author":[{"embeddable":true,"href":"https:\/\/agora.xtec.cat\/ceip-antoni-gaudi\/wp-json\/wp\/v2\/users\/4"}],"replies":[{"embeddable":true,"href":"https:\/\/agora.xtec.cat\/ceip-antoni-gaudi\/wp-json\/wp\/v2\/comments?post=3352"}],"version-history":[{"count":2,"href":"https:\/\/agora.xtec.cat\/ceip-antoni-gaudi\/wp-json\/wp\/v2\/posts\/3352\/revisions"}],"predecessor-version":[{"id":3357,"href":"https:\/\/agora.xtec.cat\/ceip-antoni-gaudi\/wp-json\/wp\/v2\/posts\/3352\/revisions\/3357"}],"wp:featuredmedia":[{"embeddable":true,"href":"https:\/\/agora.xtec.cat\/ceip-antoni-gaudi\/wp-json\/wp\/v2\/media\/3356"}],"wp:attachment":[{"href":"https:\/\/agora.xtec.cat\/ceip-antoni-gaudi\/wp-json\/wp\/v2\/media?parent=3352"}],"wp:term":[{"taxonomy":"category","embeddable":true,"href":"https:\/\/agora.xtec.cat\/ceip-antoni-gaudi\/wp-json\/wp\/v2\/categories?post=3352"},{"taxonomy":"post_tag","embeddable":true,"href":"https:\/\/agora.xtec.cat\/ceip-antoni-gaudi\/wp-json\/wp\/v2\/tags?post=3352"}],"curies":[{"name":"wp","href":"https:\/\/api.w.org\/{rel}","templated":true}]}}