{"id":3333,"date":"2021-04-26T15:16:08","date_gmt":"2021-04-26T13:16:08","guid":{"rendered":"http:\/\/agora.xtec.cat\/ceip-antoni-gaudi\/?p=3333"},"modified":"2021-04-26T15:21:29","modified_gmt":"2021-04-26T13:21:29","slug":"1r-sortida-i-activitats-de-sant-jordi","status":"publish","type":"post","link":"https:\/\/agora.xtec.cat\/ceip-antoni-gaudi\/general\/1r-sortida-i-activitats-de-sant-jordi\/","title":{"rendered":"1r- Sortida i activitats de Sant Jordi"},"content":{"rendered":"<p>Divendres, aprofitant que era la diada de Sant Jordi, els nens i nenes de primer vam fer una sortida conjunta amb els alumnes de segon. Vam caminar fins al camp de futbol on v\u00e0rem poder llegir i escoltar diferents contes asseguts a la gespa. Despr\u00e9s els mestres van organitzar diferents jocs esportius. Va ser un mat\u00ed molt bonic i ens ho vam passar d&#8217;all\u00f2 m\u00e9s b\u00e9. A continuaci\u00f3 teniu unes fotos que resumeixen la jornada!<\/p>\n<p>Clica la foto per poder veure-les totes<\/p>\n<p><a href=\"https:\/\/photos.app.goo.gl\/FpDEQmTCw8HcmEyh9\"><img loading=\"lazy\" decoding=\"async\" class=\"aligncenter size-medium wp-image-3341\" src=\"https:\/\/agora.xtec.cat\/ceip-antoni-gaudi\/wp-content\/uploads\/usu683\/2021\/04\/foto-escrit-1-300x225.jpeg\" alt=\"\" width=\"300\" height=\"225\" srcset=\"https:\/\/agora.xtec.cat\/ceip-antoni-gaudi\/wp-content\/uploads\/usu683\/2021\/04\/foto-escrit-1-300x225.jpeg 300w, https:\/\/agora.xtec.cat\/ceip-antoni-gaudi\/wp-content\/uploads\/usu683\/2021\/04\/foto-escrit-1-768x576.jpeg 768w, https:\/\/agora.xtec.cat\/ceip-antoni-gaudi\/wp-content\/uploads\/usu683\/2021\/04\/foto-escrit-1-1024x768.jpeg 1024w, https:\/\/agora.xtec.cat\/ceip-antoni-gaudi\/wp-content\/uploads\/usu683\/2021\/04\/foto-escrit-1-200x150.jpeg 200w, https:\/\/agora.xtec.cat\/ceip-antoni-gaudi\/wp-content\/uploads\/usu683\/2021\/04\/foto-escrit-1.jpeg 2000w\" sizes=\"auto, (max-width: 300px) 100vw, 300px\" \/><\/a><\/p>\n<p>&nbsp;<\/p>\n","protected":false},"excerpt":{"rendered":"<p>Divendres, aprofitant que era la diada de Sant Jordi, els nens i nenes de primer vam fer una sortida conjunta amb els alumnes de segon. Vam caminar fins al camp de futbol on v\u00e0rem poder llegir i escoltar diferents contes asseguts a la gespa. Despr\u00e9s&hellip;  <a href=\"https:\/\/agora.xtec.cat\/ceip-antoni-gaudi\/general\/1r-sortida-i-activitats-de-sant-jordi\/\" title=\"Read 1r- Sortida i activitats de Sant Jordi\">Llegeix m\u00e9s\u00bb<\/a><\/p>\n","protected":false},"author":4,"featured_media":3334,"comment_status":"open","ping_status":"closed","sticky":false,"template":"","format":"standard","meta":{"_bbp_topic_count":0,"_bbp_reply_count":0,"_bbp_total_topic_count":0,"_bbp_total_reply_count":0,"_bbp_voice_count":0,"_bbp_anonymous_reply_count":0,"_bbp_topic_count_hidden":0,"_bbp_reply_count_hidden":0,"_bbp_forum_subforum_count":0,"footnotes":""},"categories":[1,10,4,5],"tags":[],"class_list":["post-3333","post","type-post","status-publish","format-standard","has-post-thumbnail","hentry","category-general","category-p1","category-portada","category-primaria"],"post_mailing_queue_ids":[],"_links":{"self":[{"href":"https:\/\/agora.xtec.cat\/ceip-antoni-gaudi\/wp-json\/wp\/v2\/posts\/3333","targetHints":{"allow":["GET"]}}],"collection":[{"href":"https:\/\/agora.xtec.cat\/ceip-antoni-gaudi\/wp-json\/wp\/v2\/posts"}],"about":[{"href":"https:\/\/agora.xtec.cat\/ceip-antoni-gaudi\/wp-json\/wp\/v2\/types\/post"}],"author":[{"embeddable":true,"href":"https:\/\/agora.xtec.cat\/ceip-antoni-gaudi\/wp-json\/wp\/v2\/users\/4"}],"replies":[{"embeddable":true,"href":"https:\/\/agora.xtec.cat\/ceip-antoni-gaudi\/wp-json\/wp\/v2\/comments?post=3333"}],"version-history":[{"count":3,"href":"https:\/\/agora.xtec.cat\/ceip-antoni-gaudi\/wp-json\/wp\/v2\/posts\/3333\/revisions"}],"predecessor-version":[{"id":3342,"href":"https:\/\/agora.xtec.cat\/ceip-antoni-gaudi\/wp-json\/wp\/v2\/posts\/3333\/revisions\/3342"}],"wp:featuredmedia":[{"embeddable":true,"href":"https:\/\/agora.xtec.cat\/ceip-antoni-gaudi\/wp-json\/wp\/v2\/media\/3334"}],"wp:attachment":[{"href":"https:\/\/agora.xtec.cat\/ceip-antoni-gaudi\/wp-json\/wp\/v2\/media?parent=3333"}],"wp:term":[{"taxonomy":"category","embeddable":true,"href":"https:\/\/agora.xtec.cat\/ceip-antoni-gaudi\/wp-json\/wp\/v2\/categories?post=3333"},{"taxonomy":"post_tag","embeddable":true,"href":"https:\/\/agora.xtec.cat\/ceip-antoni-gaudi\/wp-json\/wp\/v2\/tags?post=3333"}],"curies":[{"name":"wp","href":"https:\/\/api.w.org\/{rel}","templated":true}]}}