{"id":3323,"date":"2021-04-26T10:21:43","date_gmt":"2021-04-26T08:21:43","guid":{"rendered":"http:\/\/agora.xtec.cat\/ceip-antoni-gaudi\/?p=3323"},"modified":"2021-04-26T10:21:43","modified_gmt":"2021-04-26T08:21:43","slug":"celebrem-sant-jordi-2021","status":"publish","type":"post","link":"https:\/\/agora.xtec.cat\/ceip-antoni-gaudi\/general\/celebrem-sant-jordi-2021\/","title":{"rendered":"Celebrem Sant Jordi 2021."},"content":{"rendered":"<p><img decoding=\"async\" src=\"https:\/\/agora.xtec.cat\/ceip-antoni-gaudi\/wp-content\/uploads\/usu683\/2021\/04\/PHOTO-2021-04-23-13-21-37_3.jpg\" \/>Sant Jordi \u00e9s una festa que ens agrada a tots, grans i petits, ple d&#8217;alegria, il\u00b7lusi\u00f3, flors i bones aventures que ens regalen els llibres. Al cicle inicial hem celebrat aquesta diada amb un certamen literari durant tota la setmana, on ha participat tot l&#8217;alumnat i una sortida durant el mat\u00ed del divendres on hem llegit, jugat i ho hem passat d&#8217;all\u00f2 m\u00e9s b\u00e9.<\/p>\n<p>&nbsp;<\/p>\n<p><a href=\"https:\/\/photos.app.goo.gl\/J9i9qrvufzMSTEZf7\">Fotos 2n A<\/a><\/p>\n<p><a href=\"https:\/\/photos.app.goo.gl\/vhb7Tnmzfbf9uTJH7\">Fotos 2n B<\/a><\/p>\n","protected":false},"excerpt":{"rendered":"<p>Sant Jordi \u00e9s una festa que ens agrada a tots, grans i petits, ple d&#8217;alegria, il\u00b7lusi\u00f3, flors i bones aventures que ens regalen els llibres. Al cicle inicial hem celebrat aquesta diada amb un certamen literari durant tota la setmana, on ha participat tot l&#8217;alumnat&hellip;  <a href=\"https:\/\/agora.xtec.cat\/ceip-antoni-gaudi\/general\/celebrem-sant-jordi-2021\/\" title=\"Read Celebrem Sant Jordi 2021.\">Llegeix m\u00e9s\u00bb<\/a><\/p>\n","protected":false},"author":4,"featured_media":3326,"comment_status":"open","ping_status":"closed","sticky":false,"template":"","format":"standard","meta":{"_bbp_topic_count":0,"_bbp_reply_count":0,"_bbp_total_topic_count":0,"_bbp_total_reply_count":0,"_bbp_voice_count":0,"_bbp_anonymous_reply_count":0,"_bbp_topic_count_hidden":0,"_bbp_reply_count_hidden":0,"_bbp_forum_subforum_count":0,"footnotes":""},"categories":[1,11,4,5],"tags":[],"class_list":["post-3323","post","type-post","status-publish","format-standard","has-post-thumbnail","hentry","category-general","category-p2","category-portada","category-primaria"],"post_mailing_queue_ids":[],"_links":{"self":[{"href":"https:\/\/agora.xtec.cat\/ceip-antoni-gaudi\/wp-json\/wp\/v2\/posts\/3323","targetHints":{"allow":["GET"]}}],"collection":[{"href":"https:\/\/agora.xtec.cat\/ceip-antoni-gaudi\/wp-json\/wp\/v2\/posts"}],"about":[{"href":"https:\/\/agora.xtec.cat\/ceip-antoni-gaudi\/wp-json\/wp\/v2\/types\/post"}],"author":[{"embeddable":true,"href":"https:\/\/agora.xtec.cat\/ceip-antoni-gaudi\/wp-json\/wp\/v2\/users\/4"}],"replies":[{"embeddable":true,"href":"https:\/\/agora.xtec.cat\/ceip-antoni-gaudi\/wp-json\/wp\/v2\/comments?post=3323"}],"version-history":[{"count":3,"href":"https:\/\/agora.xtec.cat\/ceip-antoni-gaudi\/wp-json\/wp\/v2\/posts\/3323\/revisions"}],"predecessor-version":[{"id":3329,"href":"https:\/\/agora.xtec.cat\/ceip-antoni-gaudi\/wp-json\/wp\/v2\/posts\/3323\/revisions\/3329"}],"wp:featuredmedia":[{"embeddable":true,"href":"https:\/\/agora.xtec.cat\/ceip-antoni-gaudi\/wp-json\/wp\/v2\/media\/3326"}],"wp:attachment":[{"href":"https:\/\/agora.xtec.cat\/ceip-antoni-gaudi\/wp-json\/wp\/v2\/media?parent=3323"}],"wp:term":[{"taxonomy":"category","embeddable":true,"href":"https:\/\/agora.xtec.cat\/ceip-antoni-gaudi\/wp-json\/wp\/v2\/categories?post=3323"},{"taxonomy":"post_tag","embeddable":true,"href":"https:\/\/agora.xtec.cat\/ceip-antoni-gaudi\/wp-json\/wp\/v2\/tags?post=3323"}],"curies":[{"name":"wp","href":"https:\/\/api.w.org\/{rel}","templated":true}]}}