{"id":3316,"date":"2021-04-23T18:00:44","date_gmt":"2021-04-23T16:00:44","guid":{"rendered":"http:\/\/agora.xtec.cat\/ceip-antoni-gaudi\/?p=3316"},"modified":"2021-04-24T00:18:53","modified_gmt":"2021-04-23T22:18:53","slug":"diada-de-sant-jordi-a-p3-i-p4","status":"publish","type":"post","link":"https:\/\/agora.xtec.cat\/ceip-antoni-gaudi\/general\/diada-de-sant-jordi-a-p3-i-p4\/","title":{"rendered":"DIADA DE SANT JORDI A P3 I P4"},"content":{"rendered":"<p>Avui \u00e9s un dia molt especial, ple de roses, d&#8217;amor, de llibres i d&#8217;alegria, avui \u00e9s Sant Jordi! a l&#8217;escola ho hem celebrat, especialment avui, per\u00f2 tamb\u00e9 durant tota la setmana. Ha estat una diada molt especial i n&#8217;hem gaudit molt! Bon cap de setmana!<\/p>\n<p><a href=\"https:\/\/photos.app.goo.gl\/wz6RZ2QTqwRVBwPv6\"><img loading=\"lazy\" decoding=\"async\" class=\"wp-image-3318 alignleft\" src=\"https:\/\/agora.xtec.cat\/ceip-antoni-gaudi\/wp-content\/uploads\/usu683\/2021\/04\/fd399097-438a-403d-85be-798e8afe8834.jpg\" alt=\"\" width=\"331\" height=\"245\" srcset=\"https:\/\/agora.xtec.cat\/ceip-antoni-gaudi\/wp-content\/uploads\/usu683\/2021\/04\/fd399097-438a-403d-85be-798e8afe8834.jpg 1735w, https:\/\/agora.xtec.cat\/ceip-antoni-gaudi\/wp-content\/uploads\/usu683\/2021\/04\/fd399097-438a-403d-85be-798e8afe8834-300x222.jpg 300w, https:\/\/agora.xtec.cat\/ceip-antoni-gaudi\/wp-content\/uploads\/usu683\/2021\/04\/fd399097-438a-403d-85be-798e8afe8834-768x569.jpg 768w, https:\/\/agora.xtec.cat\/ceip-antoni-gaudi\/wp-content\/uploads\/usu683\/2021\/04\/fd399097-438a-403d-85be-798e8afe8834-1024x759.jpg 1024w\" sizes=\"auto, (max-width: 331px) 100vw, 331px\" \/><\/a><\/p>\n<p><a href=\"https:\/\/photos.app.goo.gl\/qWGCXKVRrCYVp6yS9\"><img loading=\"lazy\" decoding=\"async\" class=\"wp-image-3317 alignleft\" src=\"https:\/\/agora.xtec.cat\/ceip-antoni-gaudi\/wp-content\/uploads\/usu683\/2021\/04\/1619175002808.jpg\" alt=\"\" width=\"252\" height=\"281\" srcset=\"https:\/\/agora.xtec.cat\/ceip-antoni-gaudi\/wp-content\/uploads\/usu683\/2021\/04\/1619175002808.jpg 1370w, https:\/\/agora.xtec.cat\/ceip-antoni-gaudi\/wp-content\/uploads\/usu683\/2021\/04\/1619175002808-269x300.jpg 269w, https:\/\/agora.xtec.cat\/ceip-antoni-gaudi\/wp-content\/uploads\/usu683\/2021\/04\/1619175002808-768x856.jpg 768w, https:\/\/agora.xtec.cat\/ceip-antoni-gaudi\/wp-content\/uploads\/usu683\/2021\/04\/1619175002808-919x1024.jpg 919w\" sizes=\"auto, (max-width: 252px) 100vw, 252px\" \/><\/a><\/p>\n","protected":false},"excerpt":{"rendered":"<p>Avui \u00e9s un dia molt especial, ple de roses, d&#8217;amor, de llibres i d&#8217;alegria, avui \u00e9s Sant Jordi! a l&#8217;escola ho hem celebrat, especialment avui, per\u00f2 tamb\u00e9 durant tota la setmana. Ha estat una diada molt especial i n&#8217;hem gaudit molt! Bon cap de setmana!<br \/>\n<a&hellip;  <a href=\"https:\/\/agora.xtec.cat\/ceip-antoni-gaudi\/general\/diada-de-sant-jordi-a-p3-i-p4\/\" title=\"Read DIADA DE SANT JORDI A P3 I P4\">Llegeix m\u00e9s\u00bb<\/a><\/p>\n","protected":false},"author":6,"featured_media":3319,"comment_status":"open","ping_status":"closed","sticky":false,"template":"","format":"standard","meta":{"_bbp_topic_count":0,"_bbp_reply_count":0,"_bbp_total_topic_count":0,"_bbp_total_reply_count":0,"_bbp_voice_count":0,"_bbp_anonymous_reply_count":0,"_bbp_topic_count_hidden":0,"_bbp_reply_count_hidden":0,"_bbp_forum_subforum_count":0,"footnotes":""},"categories":[1,3,8,2,4],"tags":[],"class_list":["post-3316","post","type-post","status-publish","format-standard","has-post-thumbnail","hentry","category-general","category-i3","category-i4","category-infantil","category-portada"],"post_mailing_queue_ids":[],"_links":{"self":[{"href":"https:\/\/agora.xtec.cat\/ceip-antoni-gaudi\/wp-json\/wp\/v2\/posts\/3316","targetHints":{"allow":["GET"]}}],"collection":[{"href":"https:\/\/agora.xtec.cat\/ceip-antoni-gaudi\/wp-json\/wp\/v2\/posts"}],"about":[{"href":"https:\/\/agora.xtec.cat\/ceip-antoni-gaudi\/wp-json\/wp\/v2\/types\/post"}],"author":[{"embeddable":true,"href":"https:\/\/agora.xtec.cat\/ceip-antoni-gaudi\/wp-json\/wp\/v2\/users\/6"}],"replies":[{"embeddable":true,"href":"https:\/\/agora.xtec.cat\/ceip-antoni-gaudi\/wp-json\/wp\/v2\/comments?post=3316"}],"version-history":[{"count":1,"href":"https:\/\/agora.xtec.cat\/ceip-antoni-gaudi\/wp-json\/wp\/v2\/posts\/3316\/revisions"}],"predecessor-version":[{"id":3320,"href":"https:\/\/agora.xtec.cat\/ceip-antoni-gaudi\/wp-json\/wp\/v2\/posts\/3316\/revisions\/3320"}],"wp:featuredmedia":[{"embeddable":true,"href":"https:\/\/agora.xtec.cat\/ceip-antoni-gaudi\/wp-json\/wp\/v2\/media\/3319"}],"wp:attachment":[{"href":"https:\/\/agora.xtec.cat\/ceip-antoni-gaudi\/wp-json\/wp\/v2\/media?parent=3316"}],"wp:term":[{"taxonomy":"category","embeddable":true,"href":"https:\/\/agora.xtec.cat\/ceip-antoni-gaudi\/wp-json\/wp\/v2\/categories?post=3316"},{"taxonomy":"post_tag","embeddable":true,"href":"https:\/\/agora.xtec.cat\/ceip-antoni-gaudi\/wp-json\/wp\/v2\/tags?post=3316"}],"curies":[{"name":"wp","href":"https:\/\/api.w.org\/{rel}","templated":true}]}}