{"id":3289,"date":"2021-04-16T10:48:52","date_gmt":"2021-04-16T08:48:52","guid":{"rendered":"http:\/\/agora.xtec.cat\/ceip-antoni-gaudi\/?p=3289"},"modified":"2021-04-16T10:48:52","modified_gmt":"2021-04-16T08:48:52","slug":"ho-hem-aconseguit","status":"publish","type":"post","link":"https:\/\/agora.xtec.cat\/ceip-antoni-gaudi\/general\/ho-hem-aconseguit\/","title":{"rendered":"Ho hem aconseguit!"},"content":{"rendered":"<p style=\"font-family: 'Helvetica Neue', Helvetica, Helvetica, Arial, sans-serif; font-size: 16px;\"><img loading=\"lazy\" decoding=\"async\" class=\"attachment-266x266 alignleft\" src=\"https:\/\/agora.xtec.cat\/ceip-antoni-gaudi\/wp-content\/uploads\/usu683\/2021\/04\/PHOTO-2021-04-14-17-47-59.jpg\" sizes=\"auto, (max-width: 161px) 100vw, 161px\" srcset=\"https:\/\/agora.xtec.cat\/ceip-antoni-gaudi\/wp-content\/uploads\/usu683\/2021\/04\/PHOTO-2021-04-14-17-47-59.jpg 1241w, https:\/\/agora.xtec.cat\/ceip-antoni-gaudi\/wp-content\/uploads\/usu683\/2021\/04\/PHOTO-2021-04-14-17-47-59-182x300.jpg 182w, https:\/\/agora.xtec.cat\/ceip-antoni-gaudi\/wp-content\/uploads\/usu683\/2021\/04\/PHOTO-2021-04-14-17-47-59-768x1267.jpg 768w, https:\/\/agora.xtec.cat\/ceip-antoni-gaudi\/wp-content\/uploads\/usu683\/2021\/04\/PHOTO-2021-04-14-17-47-59-621x1024.jpg 621w\" alt=\"\" width=\"317\" height=\"523\" \/><\/p>\n<p>Us volem comunicar que hem aconseguit m\u00e9s de 30 m\u00f2bils vells!<\/p>\n<p style=\"text-align: justify;\">Molt\u00edssimes gr\u00e0cies tots els nens i nenes que han participat en la campanya &#8220;MOBILITZA&#8217;T PER LA SELVA!.<\/p>\n<p>Ja estan empaquetats i a punt per a que vinguin a recollir-<span style=\"font-family: inherit; font-size: 1em;\">los.<\/span><\/p>\n<p>Ens han enviat un mail de l&#8217;Institut Jane Goodall donant-nos les gr\u00e0cies i dient que aviat ens enviaran un certificat i podrem escollir a quin ximpanz\u00e9 que apadrinem. Estem s\u00faper emocionats!.<\/p>\n<p>&nbsp;<\/p>\n<p><a href=\"https:\/\/photos.app.goo.gl\/ZtZwxBxp4C9RDg8r5\">M\u00e9s fotos aqu\u00ed!<\/a><\/p>\n<p><a style=\"color: #2795b6;\" href=\"https:\/\/www.facebook.com\/127753317292197\/posts\/3976704645730359\/?sfnsn=scwspwa\">Eiiii que sortim al Facebook!<\/a><\/p>\n<p>El programa educatiu adre\u00e7at a infants &#8220;Ra\u00edces y Brotes&#8221; de l&#8217;Institut Jane Goodall, agraeix la particip\u00e0ci\u00f3 de l&#8217;escola en la recollida de m\u00f2bils.<\/p>\n","protected":false},"excerpt":{"rendered":"<p>Us volem comunicar que hem aconseguit m\u00e9s de 30 m\u00f2bils vells!<br \/>\nMolt\u00edssimes gr\u00e0cies tots els nens i nenes que han participat en la campanya &#8220;MOBILITZA&#8217;T PER LA SELVA!.<br \/>\nJa estan empaquetats i a punt per a que vinguin a recollir-los.<br \/>\nEns han enviat un mail de l&#8217;Institut Jane&hellip;  <a href=\"https:\/\/agora.xtec.cat\/ceip-antoni-gaudi\/general\/ho-hem-aconseguit\/\" title=\"Read Ho hem aconseguit!\">Llegeix m\u00e9s\u00bb<\/a><\/p>\n","protected":false},"author":4,"featured_media":3290,"comment_status":"open","ping_status":"closed","sticky":false,"template":"","format":"standard","meta":{"_bbp_topic_count":0,"_bbp_reply_count":0,"_bbp_total_topic_count":0,"_bbp_total_reply_count":0,"_bbp_voice_count":0,"_bbp_anonymous_reply_count":0,"_bbp_topic_count_hidden":0,"_bbp_reply_count_hidden":0,"_bbp_forum_subforum_count":0,"footnotes":""},"categories":[1,11,4],"tags":[],"class_list":["post-3289","post","type-post","status-publish","format-standard","has-post-thumbnail","hentry","category-general","category-p2","category-portada"],"post_mailing_queue_ids":[],"_links":{"self":[{"href":"https:\/\/agora.xtec.cat\/ceip-antoni-gaudi\/wp-json\/wp\/v2\/posts\/3289","targetHints":{"allow":["GET"]}}],"collection":[{"href":"https:\/\/agora.xtec.cat\/ceip-antoni-gaudi\/wp-json\/wp\/v2\/posts"}],"about":[{"href":"https:\/\/agora.xtec.cat\/ceip-antoni-gaudi\/wp-json\/wp\/v2\/types\/post"}],"author":[{"embeddable":true,"href":"https:\/\/agora.xtec.cat\/ceip-antoni-gaudi\/wp-json\/wp\/v2\/users\/4"}],"replies":[{"embeddable":true,"href":"https:\/\/agora.xtec.cat\/ceip-antoni-gaudi\/wp-json\/wp\/v2\/comments?post=3289"}],"version-history":[{"count":3,"href":"https:\/\/agora.xtec.cat\/ceip-antoni-gaudi\/wp-json\/wp\/v2\/posts\/3289\/revisions"}],"predecessor-version":[{"id":3295,"href":"https:\/\/agora.xtec.cat\/ceip-antoni-gaudi\/wp-json\/wp\/v2\/posts\/3289\/revisions\/3295"}],"wp:featuredmedia":[{"embeddable":true,"href":"https:\/\/agora.xtec.cat\/ceip-antoni-gaudi\/wp-json\/wp\/v2\/media\/3290"}],"wp:attachment":[{"href":"https:\/\/agora.xtec.cat\/ceip-antoni-gaudi\/wp-json\/wp\/v2\/media?parent=3289"}],"wp:term":[{"taxonomy":"category","embeddable":true,"href":"https:\/\/agora.xtec.cat\/ceip-antoni-gaudi\/wp-json\/wp\/v2\/categories?post=3289"},{"taxonomy":"post_tag","embeddable":true,"href":"https:\/\/agora.xtec.cat\/ceip-antoni-gaudi\/wp-json\/wp\/v2\/tags?post=3289"}],"curies":[{"name":"wp","href":"https:\/\/api.w.org\/{rel}","templated":true}]}}