{"id":3286,"date":"2021-04-13T15:37:52","date_gmt":"2021-04-13T13:37:52","guid":{"rendered":"http:\/\/agora.xtec.cat\/ceip-antoni-gaudi\/?p=3286"},"modified":"2021-04-13T15:37:52","modified_gmt":"2021-04-13T13:37:52","slug":"treballem-kandinsky-a-p3","status":"publish","type":"post","link":"https:\/\/agora.xtec.cat\/ceip-antoni-gaudi\/general\/treballem-kandinsky-a-p3\/","title":{"rendered":"TREBALLEM KANDINSKY A P3"},"content":{"rendered":"<p>Kandinsky va ser un pintor d&#8217;origen rus el qual va ser precursor de l&#8217;art abstracte i a P3 ens hem iniciat en la descoberta de les seves obres d&#8217;art.<\/p>\n<p>Aprofitant l&#8217;arribada de la primavera, ens hem inspirat en una de les seves obres per crear-ne la nostra pr\u00f2pia. L&#8217;obra que ens ha servit com a inspiraci\u00f3 es diu &#8220;cuadrados y circulos conc\u00e9ntricos&#8221; (1913), mireu quins quadres hem creat, nosaltres tamb\u00e9 som ARTISTES!<\/p>\n<p><a href=\"https:\/\/photos.app.goo.gl\/st3hytg1Nm6PcAU29\"><img loading=\"lazy\" decoding=\"async\" class=\"aligncenter  wp-image-3287\" src=\"https:\/\/agora.xtec.cat\/ceip-antoni-gaudi\/wp-content\/uploads\/usu683\/2021\/04\/WhatsApp-Image-2021-04-13-at-15.09.31.jpeg\" alt=\"\" width=\"313\" height=\"235\" srcset=\"https:\/\/agora.xtec.cat\/ceip-antoni-gaudi\/wp-content\/uploads\/usu683\/2021\/04\/WhatsApp-Image-2021-04-13-at-15.09.31.jpeg 1600w, https:\/\/agora.xtec.cat\/ceip-antoni-gaudi\/wp-content\/uploads\/usu683\/2021\/04\/WhatsApp-Image-2021-04-13-at-15.09.31-300x225.jpeg 300w, https:\/\/agora.xtec.cat\/ceip-antoni-gaudi\/wp-content\/uploads\/usu683\/2021\/04\/WhatsApp-Image-2021-04-13-at-15.09.31-768x576.jpeg 768w, https:\/\/agora.xtec.cat\/ceip-antoni-gaudi\/wp-content\/uploads\/usu683\/2021\/04\/WhatsApp-Image-2021-04-13-at-15.09.31-1024x768.jpeg 1024w, https:\/\/agora.xtec.cat\/ceip-antoni-gaudi\/wp-content\/uploads\/usu683\/2021\/04\/WhatsApp-Image-2021-04-13-at-15.09.31-200x150.jpeg 200w\" sizes=\"auto, (max-width: 313px) 100vw, 313px\" \/><\/a><\/p>\n","protected":false},"excerpt":{"rendered":"<p>Kandinsky va ser un pintor d&#8217;origen rus el qual va ser precursor de l&#8217;art abstracte i a P3 ens hem iniciat en la descoberta de les seves obres d&#8217;art.<br \/>\nAprofitant l&#8217;arribada de la primavera, ens hem inspirat en una de les seves obres per crear-ne la&hellip;  <a href=\"https:\/\/agora.xtec.cat\/ceip-antoni-gaudi\/general\/treballem-kandinsky-a-p3\/\" title=\"Read TREBALLEM KANDINSKY A P3\">Llegeix m\u00e9s\u00bb<\/a><\/p>\n","protected":false},"author":6,"featured_media":3287,"comment_status":"open","ping_status":"closed","sticky":false,"template":"","format":"standard","meta":{"_bbp_topic_count":0,"_bbp_reply_count":0,"_bbp_total_topic_count":0,"_bbp_total_reply_count":0,"_bbp_voice_count":0,"_bbp_anonymous_reply_count":0,"_bbp_topic_count_hidden":0,"_bbp_reply_count_hidden":0,"_bbp_forum_subforum_count":0,"footnotes":""},"categories":[1,3,2,4],"tags":[],"class_list":["post-3286","post","type-post","status-publish","format-standard","has-post-thumbnail","hentry","category-general","category-i3","category-infantil","category-portada"],"post_mailing_queue_ids":[],"_links":{"self":[{"href":"https:\/\/agora.xtec.cat\/ceip-antoni-gaudi\/wp-json\/wp\/v2\/posts\/3286","targetHints":{"allow":["GET"]}}],"collection":[{"href":"https:\/\/agora.xtec.cat\/ceip-antoni-gaudi\/wp-json\/wp\/v2\/posts"}],"about":[{"href":"https:\/\/agora.xtec.cat\/ceip-antoni-gaudi\/wp-json\/wp\/v2\/types\/post"}],"author":[{"embeddable":true,"href":"https:\/\/agora.xtec.cat\/ceip-antoni-gaudi\/wp-json\/wp\/v2\/users\/6"}],"replies":[{"embeddable":true,"href":"https:\/\/agora.xtec.cat\/ceip-antoni-gaudi\/wp-json\/wp\/v2\/comments?post=3286"}],"version-history":[{"count":1,"href":"https:\/\/agora.xtec.cat\/ceip-antoni-gaudi\/wp-json\/wp\/v2\/posts\/3286\/revisions"}],"predecessor-version":[{"id":3288,"href":"https:\/\/agora.xtec.cat\/ceip-antoni-gaudi\/wp-json\/wp\/v2\/posts\/3286\/revisions\/3288"}],"wp:featuredmedia":[{"embeddable":true,"href":"https:\/\/agora.xtec.cat\/ceip-antoni-gaudi\/wp-json\/wp\/v2\/media\/3287"}],"wp:attachment":[{"href":"https:\/\/agora.xtec.cat\/ceip-antoni-gaudi\/wp-json\/wp\/v2\/media?parent=3286"}],"wp:term":[{"taxonomy":"category","embeddable":true,"href":"https:\/\/agora.xtec.cat\/ceip-antoni-gaudi\/wp-json\/wp\/v2\/categories?post=3286"},{"taxonomy":"post_tag","embeddable":true,"href":"https:\/\/agora.xtec.cat\/ceip-antoni-gaudi\/wp-json\/wp\/v2\/tags?post=3286"}],"curies":[{"name":"wp","href":"https:\/\/api.w.org\/{rel}","templated":true}]}}