{"id":3264,"date":"2021-03-26T11:47:27","date_gmt":"2021-03-26T10:47:27","guid":{"rendered":"http:\/\/agora.xtec.cat\/ceip-antoni-gaudi\/?p=3264"},"modified":"2021-03-26T11:50:09","modified_gmt":"2021-03-26T10:50:09","slug":"1r-passejades-per-coneixer-el-barri","status":"publish","type":"post","link":"https:\/\/agora.xtec.cat\/ceip-antoni-gaudi\/general\/1r-passejades-per-coneixer-el-barri\/","title":{"rendered":"1r- Passejades per con\u00e8ixer el barri"},"content":{"rendered":"<p>Les nens i els nens de primer hem sortit dimecres i dijous a la tarda a passejar pel barri i hem pogut observar tots aquelles elements que vam treballar a coneixement del medi social. Hem pogut\u00a0 comprovar que tots els carrers del municipi tenen nom i fins i tot hem descobert que cada casa t\u00e9 un n\u00famero i que a una banda del carrer trobem els n\u00fameros parells i a l&#8217;altra els nombres senars.<\/p>\n<p>Quantes coses que podem aprendre passejant pel barri!<\/p>\n<p>Aqu\u00ed us deixem algunes fotos<\/p>\n<p><a href=\"https:\/\/photos.app.goo.gl\/d9iK67GgTG8JHZna8\">Fotos de 1rA<\/a><\/p>\n<p><a href=\"https:\/\/photos.app.goo.gl\/K5ndRCACGqVN5KTJ8\">Fotos de 1rB<\/a><\/p>\n","protected":false},"excerpt":{"rendered":"<p>Les nens i els nens de primer hem sortit dimecres i dijous a la tarda a passejar pel barri i hem pogut observar tots aquelles elements que vam treballar a coneixement del medi social. Hem pogut\u00a0 comprovar que tots els carrers del municipi tenen nom&hellip;  <a href=\"https:\/\/agora.xtec.cat\/ceip-antoni-gaudi\/general\/1r-passejades-per-coneixer-el-barri\/\" title=\"Read 1r- Passejades per con\u00e8ixer el barri\">Llegeix m\u00e9s\u00bb<\/a><\/p>\n","protected":false},"author":4,"featured_media":3267,"comment_status":"open","ping_status":"closed","sticky":false,"template":"","format":"standard","meta":{"_bbp_topic_count":0,"_bbp_reply_count":0,"_bbp_total_topic_count":0,"_bbp_total_reply_count":0,"_bbp_voice_count":0,"_bbp_anonymous_reply_count":0,"_bbp_topic_count_hidden":0,"_bbp_reply_count_hidden":0,"_bbp_forum_subforum_count":0,"footnotes":""},"categories":[1,10,229,5],"tags":[],"class_list":["post-3264","post","type-post","status-publish","format-standard","has-post-thumbnail","hentry","category-general","category-p1","category-portada-portada","category-primaria"],"post_mailing_queue_ids":[],"_links":{"self":[{"href":"https:\/\/agora.xtec.cat\/ceip-antoni-gaudi\/wp-json\/wp\/v2\/posts\/3264","targetHints":{"allow":["GET"]}}],"collection":[{"href":"https:\/\/agora.xtec.cat\/ceip-antoni-gaudi\/wp-json\/wp\/v2\/posts"}],"about":[{"href":"https:\/\/agora.xtec.cat\/ceip-antoni-gaudi\/wp-json\/wp\/v2\/types\/post"}],"author":[{"embeddable":true,"href":"https:\/\/agora.xtec.cat\/ceip-antoni-gaudi\/wp-json\/wp\/v2\/users\/4"}],"replies":[{"embeddable":true,"href":"https:\/\/agora.xtec.cat\/ceip-antoni-gaudi\/wp-json\/wp\/v2\/comments?post=3264"}],"version-history":[{"count":2,"href":"https:\/\/agora.xtec.cat\/ceip-antoni-gaudi\/wp-json\/wp\/v2\/posts\/3264\/revisions"}],"predecessor-version":[{"id":3266,"href":"https:\/\/agora.xtec.cat\/ceip-antoni-gaudi\/wp-json\/wp\/v2\/posts\/3264\/revisions\/3266"}],"wp:featuredmedia":[{"embeddable":true,"href":"https:\/\/agora.xtec.cat\/ceip-antoni-gaudi\/wp-json\/wp\/v2\/media\/3267"}],"wp:attachment":[{"href":"https:\/\/agora.xtec.cat\/ceip-antoni-gaudi\/wp-json\/wp\/v2\/media?parent=3264"}],"wp:term":[{"taxonomy":"category","embeddable":true,"href":"https:\/\/agora.xtec.cat\/ceip-antoni-gaudi\/wp-json\/wp\/v2\/categories?post=3264"},{"taxonomy":"post_tag","embeddable":true,"href":"https:\/\/agora.xtec.cat\/ceip-antoni-gaudi\/wp-json\/wp\/v2\/tags?post=3264"}],"curies":[{"name":"wp","href":"https:\/\/api.w.org\/{rel}","templated":true}]}}