{"id":3225,"date":"2021-03-25T13:32:57","date_gmt":"2021-03-25T12:32:57","guid":{"rendered":"http:\/\/agora.xtec.cat\/ceip-antoni-gaudi\/?p=3225"},"modified":"2021-03-25T13:32:57","modified_gmt":"2021-03-25T12:32:57","slug":"visita-exposicio-a-igualada","status":"publish","type":"post","link":"https:\/\/agora.xtec.cat\/ceip-antoni-gaudi\/general\/visita-exposicio-a-igualada\/","title":{"rendered":"Visita exposici\u00f3 a Igualada"},"content":{"rendered":"<p>&nbsp;<\/p>\n<p>&nbsp;<\/p>\n<p>Dijous passat\u00a0<img loading=\"lazy\" decoding=\"async\" class=\"attachment-266x266 size-266x266 alignleft cc_cursor\" src=\"https:\/\/agora.xtec.cat\/ceip-antoni-gaudi\/wp-content\/uploads\/usu683\/2021\/03\/PHOTO-2021-03-18-14-22-07.jpg\" sizes=\"auto, (max-width: 200px) 100vw, 200px\" srcset=\"https:\/\/agora.xtec.cat\/ceip-antoni-gaudi\/wp-content\/uploads\/usu683\/2021\/03\/PHOTO-2021-03-18-14-22-07.jpg 1512w, https:\/\/agora.xtec.cat\/ceip-antoni-gaudi\/wp-content\/uploads\/usu683\/2021\/03\/PHOTO-2021-03-18-14-22-07-225x300.jpg 225w, https:\/\/agora.xtec.cat\/ceip-antoni-gaudi\/wp-content\/uploads\/usu683\/2021\/03\/PHOTO-2021-03-18-14-22-07-768x1024.jpg 768w\" alt=\"\" width=\"200\" height=\"266\" \/><span style=\"font-family: inherit; font-size: 1em;\">el grup de 2n B va anar a visitar una exposici\u00f3 de fotos de primats a la Biblioteca d&#8217;Igualada. Mentre un grup visitava l&#8217;exposici\u00f3, l&#8217;altre ha conegut la sala infantil de lectura, on la bibliotec\u00e0ria ens ha preparat una selecci\u00f3 de llibres adequats per l&#8217;edat.<\/span><\/p>\n<p>Tamb\u00e9 hem vist un audiovisual on es veuen els primats que estan en perill d&#8217;extinci\u00f3. Ells mateixos ens diuen quines coses no volen ser i qu\u00e8 hem de fer per protegir-los.<\/p>\n<p>El motiu de la visita \u00e9s perqu\u00e8 estem estudiant la Jane Goodall, cient\u00edfica que va dedicar la seva vida a l&#8217;estudi i observaci\u00f3 dels primats, sobretot ximpanz\u00e9s.<\/p>\n<p>Aprofitem per dir-vos que estem fent una campanya de recollida de m\u00f2bils vells, aques campanya forma part de les actuacions de l&#8217;Institut Jane Goodall, per cada 30 m\u00f2bils,apadrinarem un ximpamz\u00e9 durant 1 any. Us demamen col\u00b7laboraci\u00f3.<\/p>\n<p><a href=\"https:\/\/photos.app.goo.gl\/xXnmXRCEDTg7NBso6\">Fotos!<\/a><\/p>\n","protected":false},"excerpt":{"rendered":"<p>&nbsp;<br \/>\n&nbsp;<br \/>\nDijous passat\u00a0el grup de 2n B va anar a visitar una exposici\u00f3 de fotos de primats a la Biblioteca d&#8217;Igualada. Mentre un grup visitava l&#8217;exposici\u00f3, l&#8217;altre ha conegut la sala infantil de lectura, on la bibliotec\u00e0ria ens ha preparat una selecci\u00f3 de llibres adequats per&hellip;  <a href=\"https:\/\/agora.xtec.cat\/ceip-antoni-gaudi\/general\/visita-exposicio-a-igualada\/\" title=\"Read Visita exposici\u00f3 a Igualada\">Llegeix m\u00e9s\u00bb<\/a><\/p>\n","protected":false},"author":4,"featured_media":3261,"comment_status":"open","ping_status":"closed","sticky":false,"template":"","format":"standard","meta":{"_bbp_topic_count":0,"_bbp_reply_count":0,"_bbp_total_topic_count":0,"_bbp_total_reply_count":0,"_bbp_voice_count":0,"_bbp_anonymous_reply_count":0,"_bbp_topic_count_hidden":0,"_bbp_reply_count_hidden":0,"_bbp_forum_subforum_count":0,"footnotes":""},"categories":[1,11,4],"tags":[],"class_list":["post-3225","post","type-post","status-publish","format-standard","has-post-thumbnail","hentry","category-general","category-p2","category-portada"],"post_mailing_queue_ids":[],"_links":{"self":[{"href":"https:\/\/agora.xtec.cat\/ceip-antoni-gaudi\/wp-json\/wp\/v2\/posts\/3225","targetHints":{"allow":["GET"]}}],"collection":[{"href":"https:\/\/agora.xtec.cat\/ceip-antoni-gaudi\/wp-json\/wp\/v2\/posts"}],"about":[{"href":"https:\/\/agora.xtec.cat\/ceip-antoni-gaudi\/wp-json\/wp\/v2\/types\/post"}],"author":[{"embeddable":true,"href":"https:\/\/agora.xtec.cat\/ceip-antoni-gaudi\/wp-json\/wp\/v2\/users\/4"}],"replies":[{"embeddable":true,"href":"https:\/\/agora.xtec.cat\/ceip-antoni-gaudi\/wp-json\/wp\/v2\/comments?post=3225"}],"version-history":[{"count":3,"href":"https:\/\/agora.xtec.cat\/ceip-antoni-gaudi\/wp-json\/wp\/v2\/posts\/3225\/revisions"}],"predecessor-version":[{"id":3263,"href":"https:\/\/agora.xtec.cat\/ceip-antoni-gaudi\/wp-json\/wp\/v2\/posts\/3225\/revisions\/3263"}],"wp:featuredmedia":[{"embeddable":true,"href":"https:\/\/agora.xtec.cat\/ceip-antoni-gaudi\/wp-json\/wp\/v2\/media\/3261"}],"wp:attachment":[{"href":"https:\/\/agora.xtec.cat\/ceip-antoni-gaudi\/wp-json\/wp\/v2\/media?parent=3225"}],"wp:term":[{"taxonomy":"category","embeddable":true,"href":"https:\/\/agora.xtec.cat\/ceip-antoni-gaudi\/wp-json\/wp\/v2\/categories?post=3225"},{"taxonomy":"post_tag","embeddable":true,"href":"https:\/\/agora.xtec.cat\/ceip-antoni-gaudi\/wp-json\/wp\/v2\/tags?post=3225"}],"curies":[{"name":"wp","href":"https:\/\/api.w.org\/{rel}","templated":true}]}}