{"id":3202,"date":"2021-03-23T15:18:57","date_gmt":"2021-03-23T14:18:57","guid":{"rendered":"http:\/\/agora.xtec.cat\/ceip-antoni-gaudi\/?p=3202"},"modified":"2021-03-23T15:22:20","modified_gmt":"2021-03-23T14:22:20","slug":"flasco-tornalacalma-a-p5","status":"publish","type":"post","link":"https:\/\/agora.xtec.cat\/ceip-antoni-gaudi\/general\/flasco-tornalacalma-a-p5\/","title":{"rendered":"FLASC\u00d3 TORNALACALMA A P5"},"content":{"rendered":"<p style=\"text-align: justify;\">Les nenes i els nens de P5 continuem fent activitats relacionades amb la gesti\u00f3 de les emocions que ens proposa el Programa SI. Una de les propostes \u00e9s el &#8220;<em>Flasc\u00f3 Tornalacalma&#8221;<\/em><strong>\u00a0<\/strong>que ens ajuda en moments d&#8217;enuig i r\u00e0bia. Us deixem un recull d&#8217;imatges.<\/p>\n<p style=\"text-align: justify;\"><a href=\"https:\/\/photos.app.goo.gl\/TJ58bbitfrSZvLxQ6\"><img loading=\"lazy\" decoding=\"async\" class=\"aligncenter wp-image-3205\" src=\"https:\/\/agora.xtec.cat\/ceip-antoni-gaudi\/wp-content\/uploads\/usu683\/2021\/03\/WhatsApp-Image-2021-03-23-at-10.42.23.jpeg\" alt=\"\" width=\"276\" height=\"367\" srcset=\"https:\/\/agora.xtec.cat\/ceip-antoni-gaudi\/wp-content\/uploads\/usu683\/2021\/03\/WhatsApp-Image-2021-03-23-at-10.42.23.jpeg 768w, https:\/\/agora.xtec.cat\/ceip-antoni-gaudi\/wp-content\/uploads\/usu683\/2021\/03\/WhatsApp-Image-2021-03-23-at-10.42.23-225x300.jpeg 225w\" sizes=\"auto, (max-width: 276px) 100vw, 276px\" \/><\/a><\/p>\n","protected":false},"excerpt":{"rendered":"<p>Les nenes i els nens de P5 continuem fent activitats relacionades amb la gesti\u00f3 de les emocions que ens proposa el Programa SI. Una de les propostes \u00e9s el &#8220;Flasc\u00f3 Tornalacalma&#8221;\u00a0que ens ajuda en moments d&#8217;enuig i r\u00e0bia. Us deixem un recull d&#8217;imatges.<br \/>\n<a href=\"https:\/\/photos.app.goo.gl\/TJ58bbitfrSZvLxQ6\"><\/a><\/p>\n","protected":false},"author":6,"featured_media":3207,"comment_status":"open","ping_status":"closed","sticky":false,"template":"","format":"standard","meta":{"_bbp_topic_count":0,"_bbp_reply_count":0,"_bbp_total_topic_count":0,"_bbp_total_reply_count":0,"_bbp_voice_count":0,"_bbp_anonymous_reply_count":0,"_bbp_topic_count_hidden":0,"_bbp_reply_count_hidden":0,"_bbp_forum_subforum_count":0,"footnotes":""},"categories":[1,9,2,4],"tags":[],"class_list":["post-3202","post","type-post","status-publish","format-standard","has-post-thumbnail","hentry","category-general","category-i5","category-infantil","category-portada"],"post_mailing_queue_ids":[],"_links":{"self":[{"href":"https:\/\/agora.xtec.cat\/ceip-antoni-gaudi\/wp-json\/wp\/v2\/posts\/3202","targetHints":{"allow":["GET"]}}],"collection":[{"href":"https:\/\/agora.xtec.cat\/ceip-antoni-gaudi\/wp-json\/wp\/v2\/posts"}],"about":[{"href":"https:\/\/agora.xtec.cat\/ceip-antoni-gaudi\/wp-json\/wp\/v2\/types\/post"}],"author":[{"embeddable":true,"href":"https:\/\/agora.xtec.cat\/ceip-antoni-gaudi\/wp-json\/wp\/v2\/users\/6"}],"replies":[{"embeddable":true,"href":"https:\/\/agora.xtec.cat\/ceip-antoni-gaudi\/wp-json\/wp\/v2\/comments?post=3202"}],"version-history":[{"count":1,"href":"https:\/\/agora.xtec.cat\/ceip-antoni-gaudi\/wp-json\/wp\/v2\/posts\/3202\/revisions"}],"predecessor-version":[{"id":3208,"href":"https:\/\/agora.xtec.cat\/ceip-antoni-gaudi\/wp-json\/wp\/v2\/posts\/3202\/revisions\/3208"}],"wp:featuredmedia":[{"embeddable":true,"href":"https:\/\/agora.xtec.cat\/ceip-antoni-gaudi\/wp-json\/wp\/v2\/media\/3207"}],"wp:attachment":[{"href":"https:\/\/agora.xtec.cat\/ceip-antoni-gaudi\/wp-json\/wp\/v2\/media?parent=3202"}],"wp:term":[{"taxonomy":"category","embeddable":true,"href":"https:\/\/agora.xtec.cat\/ceip-antoni-gaudi\/wp-json\/wp\/v2\/categories?post=3202"},{"taxonomy":"post_tag","embeddable":true,"href":"https:\/\/agora.xtec.cat\/ceip-antoni-gaudi\/wp-json\/wp\/v2\/tags?post=3202"}],"curies":[{"name":"wp","href":"https:\/\/api.w.org\/{rel}","templated":true}]}}