{"id":3201,"date":"2021-03-23T15:30:33","date_gmt":"2021-03-23T14:30:33","guid":{"rendered":"http:\/\/agora.xtec.cat\/ceip-antoni-gaudi\/?p=3201"},"modified":"2021-03-23T15:30:33","modified_gmt":"2021-03-23T14:30:33","slug":"joc-i-aprenentatge-a-p3","status":"publish","type":"post","link":"https:\/\/agora.xtec.cat\/ceip-antoni-gaudi\/general\/joc-i-aprenentatge-a-p3\/","title":{"rendered":"JOC I APRENENTATGE A P3"},"content":{"rendered":"<p>A P3 portem molts dies treballant els colors en angl\u00e8s i ja ens els coneixem molt b\u00e9! L&#8217;aprenentatge sempre ha d&#8217;anar lligat a la motivaci\u00f3 i als interessos dels nens i nenes i una bona manera d&#8217;aconseguir-ho \u00e9s fer-ho a trav\u00e9s del joc. En aquest cas, per refor\u00e7ar l&#8217;aprenentatge dels colors hem jugat al &#8220;Twister&#8221; i ens ho hem passat genial!<\/p>\n<p><a href=\"https:\/\/photos.app.goo.gl\/vT46r6WkDFgHVRz39\"><img loading=\"lazy\" decoding=\"async\" class=\"aligncenter  wp-image-3209\" src=\"https:\/\/agora.xtec.cat\/ceip-antoni-gaudi\/wp-content\/uploads\/usu683\/2021\/03\/WhatsApp-Image-2021-03-23-at-12.25.26-1.jpeg\" alt=\"\" width=\"286\" height=\"161\" srcset=\"https:\/\/agora.xtec.cat\/ceip-antoni-gaudi\/wp-content\/uploads\/usu683\/2021\/03\/WhatsApp-Image-2021-03-23-at-12.25.26-1.jpeg 1344w, https:\/\/agora.xtec.cat\/ceip-antoni-gaudi\/wp-content\/uploads\/usu683\/2021\/03\/WhatsApp-Image-2021-03-23-at-12.25.26-1-300x169.jpeg 300w, https:\/\/agora.xtec.cat\/ceip-antoni-gaudi\/wp-content\/uploads\/usu683\/2021\/03\/WhatsApp-Image-2021-03-23-at-12.25.26-1-768x432.jpeg 768w, https:\/\/agora.xtec.cat\/ceip-antoni-gaudi\/wp-content\/uploads\/usu683\/2021\/03\/WhatsApp-Image-2021-03-23-at-12.25.26-1-1024x576.jpeg 1024w\" sizes=\"auto, (max-width: 286px) 100vw, 286px\" \/><\/a><\/p>\n","protected":false},"excerpt":{"rendered":"<p>A P3 portem molts dies treballant els colors en angl\u00e8s i ja ens els coneixem molt b\u00e9! L&#8217;aprenentatge sempre ha d&#8217;anar lligat a la motivaci\u00f3 i als interessos dels nens i nenes i una bona manera d&#8217;aconseguir-ho \u00e9s fer-ho a trav\u00e9s del joc. En aquest&hellip;  <a href=\"https:\/\/agora.xtec.cat\/ceip-antoni-gaudi\/general\/joc-i-aprenentatge-a-p3\/\" title=\"Read JOC I APRENENTATGE A P3\">Llegeix m\u00e9s\u00bb<\/a><\/p>\n","protected":false},"author":6,"featured_media":3210,"comment_status":"open","ping_status":"closed","sticky":false,"template":"","format":"standard","meta":{"_bbp_topic_count":0,"_bbp_reply_count":0,"_bbp_total_topic_count":0,"_bbp_total_reply_count":0,"_bbp_voice_count":0,"_bbp_anonymous_reply_count":0,"_bbp_topic_count_hidden":0,"_bbp_reply_count_hidden":0,"_bbp_forum_subforum_count":0,"footnotes":""},"categories":[1,3,2,4],"tags":[],"class_list":["post-3201","post","type-post","status-publish","format-standard","has-post-thumbnail","hentry","category-general","category-i3","category-infantil","category-portada"],"post_mailing_queue_ids":[],"_links":{"self":[{"href":"https:\/\/agora.xtec.cat\/ceip-antoni-gaudi\/wp-json\/wp\/v2\/posts\/3201","targetHints":{"allow":["GET"]}}],"collection":[{"href":"https:\/\/agora.xtec.cat\/ceip-antoni-gaudi\/wp-json\/wp\/v2\/posts"}],"about":[{"href":"https:\/\/agora.xtec.cat\/ceip-antoni-gaudi\/wp-json\/wp\/v2\/types\/post"}],"author":[{"embeddable":true,"href":"https:\/\/agora.xtec.cat\/ceip-antoni-gaudi\/wp-json\/wp\/v2\/users\/6"}],"replies":[{"embeddable":true,"href":"https:\/\/agora.xtec.cat\/ceip-antoni-gaudi\/wp-json\/wp\/v2\/comments?post=3201"}],"version-history":[{"count":1,"href":"https:\/\/agora.xtec.cat\/ceip-antoni-gaudi\/wp-json\/wp\/v2\/posts\/3201\/revisions"}],"predecessor-version":[{"id":3211,"href":"https:\/\/agora.xtec.cat\/ceip-antoni-gaudi\/wp-json\/wp\/v2\/posts\/3201\/revisions\/3211"}],"wp:featuredmedia":[{"embeddable":true,"href":"https:\/\/agora.xtec.cat\/ceip-antoni-gaudi\/wp-json\/wp\/v2\/media\/3210"}],"wp:attachment":[{"href":"https:\/\/agora.xtec.cat\/ceip-antoni-gaudi\/wp-json\/wp\/v2\/media?parent=3201"}],"wp:term":[{"taxonomy":"category","embeddable":true,"href":"https:\/\/agora.xtec.cat\/ceip-antoni-gaudi\/wp-json\/wp\/v2\/categories?post=3201"},{"taxonomy":"post_tag","embeddable":true,"href":"https:\/\/agora.xtec.cat\/ceip-antoni-gaudi\/wp-json\/wp\/v2\/tags?post=3201"}],"curies":[{"name":"wp","href":"https:\/\/api.w.org\/{rel}","templated":true}]}}