{"id":3167,"date":"2021-03-16T15:24:21","date_gmt":"2021-03-16T14:24:21","guid":{"rendered":"http:\/\/agora.xtec.cat\/ceip-antoni-gaudi\/?p=3167"},"modified":"2021-03-16T15:24:21","modified_gmt":"2021-03-16T14:24:21","slug":"ens-relaxem-a-p5","status":"publish","type":"post","link":"https:\/\/agora.xtec.cat\/ceip-antoni-gaudi\/general\/ens-relaxem-a-p5\/","title":{"rendered":"ENS RELAXEM A P5"},"content":{"rendered":"<p>Arriba la primavera i les estones de calma s\u00f3n fonamentals per poder continuar amb les rutines di\u00e0ries. El programa SI, ens proposa diferents activitats de relaxaci\u00f3 per dur-les a terme amb els infants. Aqu\u00ed us en deixem un tastet.<\/p>\n<p><a href=\"https:\/\/photos.app.goo.gl\/P7imbxS5CeWaaMLp8\"><img loading=\"lazy\" decoding=\"async\" class=\"aligncenter  wp-image-3168\" src=\"https:\/\/agora.xtec.cat\/ceip-antoni-gaudi\/wp-content\/uploads\/usu683\/2021\/03\/WhatsApp-Image-2021-03-16-at-15.10.48-1.jpeg\" alt=\"\" width=\"361\" height=\"482\" srcset=\"https:\/\/agora.xtec.cat\/ceip-antoni-gaudi\/wp-content\/uploads\/usu683\/2021\/03\/WhatsApp-Image-2021-03-16-at-15.10.48-1.jpeg 1536w, https:\/\/agora.xtec.cat\/ceip-antoni-gaudi\/wp-content\/uploads\/usu683\/2021\/03\/WhatsApp-Image-2021-03-16-at-15.10.48-1-225x300.jpeg 225w, https:\/\/agora.xtec.cat\/ceip-antoni-gaudi\/wp-content\/uploads\/usu683\/2021\/03\/WhatsApp-Image-2021-03-16-at-15.10.48-1-768x1024.jpeg 768w\" sizes=\"auto, (max-width: 361px) 100vw, 361px\" \/><\/a><\/p>\n","protected":false},"excerpt":{"rendered":"<p>Arriba la primavera i les estones de calma s\u00f3n fonamentals per poder continuar amb les rutines di\u00e0ries. El programa SI, ens proposa diferents activitats de relaxaci\u00f3 per dur-les a terme amb els infants. Aqu\u00ed us en deixem un tastet.<br \/>\n<a href=\"https:\/\/photos.app.goo.gl\/P7imbxS5CeWaaMLp8\"><\/a><\/p>\n","protected":false},"author":6,"featured_media":3168,"comment_status":"open","ping_status":"closed","sticky":false,"template":"","format":"standard","meta":{"_bbp_topic_count":0,"_bbp_reply_count":0,"_bbp_total_topic_count":0,"_bbp_total_reply_count":0,"_bbp_voice_count":0,"_bbp_anonymous_reply_count":0,"_bbp_topic_count_hidden":0,"_bbp_reply_count_hidden":0,"_bbp_forum_subforum_count":0,"footnotes":""},"categories":[1,9,2,4],"tags":[],"class_list":["post-3167","post","type-post","status-publish","format-standard","has-post-thumbnail","hentry","category-general","category-i5","category-infantil","category-portada"],"post_mailing_queue_ids":[],"_links":{"self":[{"href":"https:\/\/agora.xtec.cat\/ceip-antoni-gaudi\/wp-json\/wp\/v2\/posts\/3167","targetHints":{"allow":["GET"]}}],"collection":[{"href":"https:\/\/agora.xtec.cat\/ceip-antoni-gaudi\/wp-json\/wp\/v2\/posts"}],"about":[{"href":"https:\/\/agora.xtec.cat\/ceip-antoni-gaudi\/wp-json\/wp\/v2\/types\/post"}],"author":[{"embeddable":true,"href":"https:\/\/agora.xtec.cat\/ceip-antoni-gaudi\/wp-json\/wp\/v2\/users\/6"}],"replies":[{"embeddable":true,"href":"https:\/\/agora.xtec.cat\/ceip-antoni-gaudi\/wp-json\/wp\/v2\/comments?post=3167"}],"version-history":[{"count":1,"href":"https:\/\/agora.xtec.cat\/ceip-antoni-gaudi\/wp-json\/wp\/v2\/posts\/3167\/revisions"}],"predecessor-version":[{"id":3169,"href":"https:\/\/agora.xtec.cat\/ceip-antoni-gaudi\/wp-json\/wp\/v2\/posts\/3167\/revisions\/3169"}],"wp:featuredmedia":[{"embeddable":true,"href":"https:\/\/agora.xtec.cat\/ceip-antoni-gaudi\/wp-json\/wp\/v2\/media\/3168"}],"wp:attachment":[{"href":"https:\/\/agora.xtec.cat\/ceip-antoni-gaudi\/wp-json\/wp\/v2\/media?parent=3167"}],"wp:term":[{"taxonomy":"category","embeddable":true,"href":"https:\/\/agora.xtec.cat\/ceip-antoni-gaudi\/wp-json\/wp\/v2\/categories?post=3167"},{"taxonomy":"post_tag","embeddable":true,"href":"https:\/\/agora.xtec.cat\/ceip-antoni-gaudi\/wp-json\/wp\/v2\/tags?post=3167"}],"curies":[{"name":"wp","href":"https:\/\/api.w.org\/{rel}","templated":true}]}}