{"id":3161,"date":"2021-03-15T13:11:53","date_gmt":"2021-03-15T12:11:53","guid":{"rendered":"http:\/\/agora.xtec.cat\/ceip-antoni-gaudi\/?p=3161"},"modified":"2021-03-15T13:11:53","modified_gmt":"2021-03-15T12:11:53","slug":"a-1r-treballem-per-projectes-amelia-earhart-i-cleopatra","status":"publish","type":"post","link":"https:\/\/agora.xtec.cat\/ceip-antoni-gaudi\/portada\/a-1r-treballem-per-projectes-amelia-earhart-i-cleopatra\/","title":{"rendered":"A 1r TREBALLEM PER PROJECTES: AM\u00c8LIA EARHART I CLE\u00d2PATRA"},"content":{"rendered":"<p>Els nens i nenes de cicle inicial aquest trimestre hem treballat diferents dones que han canviat el m\u00f3n. Algunes d&#8217;aquestes s\u00f3n l&#8217;Am\u00e8lia Earhart, la Cle\u00f2patra, la Jane Goodall i la Valentina Tereshkova. Cada classe s&#8217;ha centrat en una d&#8217;aquestes dones i fins i tot hem escollit el nom de la classe relacionat amb la protagonista que est\u00e0vem estudiant. Hem investigat i descobert que van ser dones molt valentes i ens han ensenyat un munt de coses!<\/p>\n<p>Tenim moltes ganes de compartir el nostre projecte per aix\u00f2 us hem preparat uns v\u00eddeos explicant tot all\u00f2 que hem apr\u00e8s.<\/p>\n<p>Els nens i nenes de <strong>1A som la CLASSE DELS AVIONS<\/strong> perqu\u00e8 hem treballat l&#8217;Am\u00e8lia Earhart. Aqu\u00ed teniu el v\u00eddeo on us expliquem qui era i tot el qu\u00e8 hem apr\u00e8s! (Clica a la foto)<\/p>\n<p><a href=\"https:\/\/photos.google.com\/share\/AF1QipMBCiQXKSvZbOT3VwH-qSAXRRQmHkHR6_bgfLTj63VyYB8Q3Wd6eh-k4vcLftlOMw\/photo\/AF1QipPMXUC5S4iEkqpD-1R6F1EHuLKWhJ6Ix5wJAfA5?key=ZW9MMUVxakR5cHdVQjdBUExaR2V0Y3MwbUFVbTdR\" target=\"_blank\" rel=\"noopener noreferrer\"><img loading=\"lazy\" decoding=\"async\" class=\"aligncenter size-thumbnail wp-image-3162\" src=\"https:\/\/agora.xtec.cat\/ceip-antoni-gaudi\/wp-content\/uploads\/usu683\/2021\/03\/amelia-2-150x150.jpg\" alt=\"\" width=\"150\" height=\"150\" \/><\/a><\/p>\n<p>Els nens i nenes de <strong>1B som la CLASSE DE LES PIR\u00c0MIDES<\/strong> perqu\u00e8 hem descobert qui era Cle\u00f2patra. Aqu\u00ed teniu un v\u00eddeo on us expliquem tot all\u00f2 que hem treballat. (Clica la foto)<\/p>\n<p><a href=\"https:\/\/photos.google.com\/share\/AF1QipM7BeokWbE9s20XsLUFvmr1ZgVFOt1DFWgwTf3qBq8TeJ39MOGNguMi1J4tj7LFKg\/photo\/AF1QipPhFvdHnNA1XlfnHnKGMqWmrJd1XfuT5RD5xi5J?key=QlVDZTJLTDRDM0FHWjdmVS1TUlpTcHBiU29XdWJn\" target=\"_blank\" rel=\"noopener noreferrer\"><img loading=\"lazy\" decoding=\"async\" class=\"aligncenter size-thumbnail wp-image-3163\" src=\"https:\/\/agora.xtec.cat\/ceip-antoni-gaudi\/wp-content\/uploads\/usu683\/2021\/03\/CLEOPATRA-150x150.jpg\" alt=\"\" width=\"150\" height=\"150\" srcset=\"https:\/\/agora.xtec.cat\/ceip-antoni-gaudi\/wp-content\/uploads\/usu683\/2021\/03\/CLEOPATRA-150x150.jpg 150w, https:\/\/agora.xtec.cat\/ceip-antoni-gaudi\/wp-content\/uploads\/usu683\/2021\/03\/CLEOPATRA-300x300.jpg 300w, https:\/\/agora.xtec.cat\/ceip-antoni-gaudi\/wp-content\/uploads\/usu683\/2021\/03\/CLEOPATRA.jpg 626w\" sizes=\"auto, (max-width: 150px) 100vw, 150px\" \/><\/a><\/p>\n","protected":false},"excerpt":{"rendered":"<p>Els nens i nenes de cicle inicial aquest trimestre hem treballat diferents dones que han canviat el m\u00f3n. Algunes d&#8217;aquestes s\u00f3n l&#8217;Am\u00e8lia Earhart, la Cle\u00f2patra, la Jane Goodall i la Valentina Tereshkova. Cada classe s&#8217;ha centrat en una d&#8217;aquestes dones i fins i tot hem&hellip;  <a href=\"https:\/\/agora.xtec.cat\/ceip-antoni-gaudi\/portada\/a-1r-treballem-per-projectes-amelia-earhart-i-cleopatra\/\" title=\"Read A 1r TREBALLEM PER PROJECTES: AM\u00c8LIA EARHART I CLE\u00d2PATRA\">Llegeix m\u00e9s\u00bb<\/a><\/p>\n","protected":false},"author":4,"featured_media":3164,"comment_status":"open","ping_status":"closed","sticky":false,"template":"","format":"standard","meta":{"_bbp_topic_count":0,"_bbp_reply_count":0,"_bbp_total_topic_count":0,"_bbp_total_reply_count":0,"_bbp_voice_count":0,"_bbp_anonymous_reply_count":0,"_bbp_topic_count_hidden":0,"_bbp_reply_count_hidden":0,"_bbp_forum_subforum_count":0,"footnotes":""},"categories":[10,4,5],"tags":[106],"class_list":["post-3161","post","type-post","status-publish","format-standard","has-post-thumbnail","hentry","category-p1","category-portada","category-primaria","tag-projectes"],"post_mailing_queue_ids":[],"_links":{"self":[{"href":"https:\/\/agora.xtec.cat\/ceip-antoni-gaudi\/wp-json\/wp\/v2\/posts\/3161","targetHints":{"allow":["GET"]}}],"collection":[{"href":"https:\/\/agora.xtec.cat\/ceip-antoni-gaudi\/wp-json\/wp\/v2\/posts"}],"about":[{"href":"https:\/\/agora.xtec.cat\/ceip-antoni-gaudi\/wp-json\/wp\/v2\/types\/post"}],"author":[{"embeddable":true,"href":"https:\/\/agora.xtec.cat\/ceip-antoni-gaudi\/wp-json\/wp\/v2\/users\/4"}],"replies":[{"embeddable":true,"href":"https:\/\/agora.xtec.cat\/ceip-antoni-gaudi\/wp-json\/wp\/v2\/comments?post=3161"}],"version-history":[{"count":2,"href":"https:\/\/agora.xtec.cat\/ceip-antoni-gaudi\/wp-json\/wp\/v2\/posts\/3161\/revisions"}],"predecessor-version":[{"id":3166,"href":"https:\/\/agora.xtec.cat\/ceip-antoni-gaudi\/wp-json\/wp\/v2\/posts\/3161\/revisions\/3166"}],"wp:featuredmedia":[{"embeddable":true,"href":"https:\/\/agora.xtec.cat\/ceip-antoni-gaudi\/wp-json\/wp\/v2\/media\/3164"}],"wp:attachment":[{"href":"https:\/\/agora.xtec.cat\/ceip-antoni-gaudi\/wp-json\/wp\/v2\/media?parent=3161"}],"wp:term":[{"taxonomy":"category","embeddable":true,"href":"https:\/\/agora.xtec.cat\/ceip-antoni-gaudi\/wp-json\/wp\/v2\/categories?post=3161"},{"taxonomy":"post_tag","embeddable":true,"href":"https:\/\/agora.xtec.cat\/ceip-antoni-gaudi\/wp-json\/wp\/v2\/tags?post=3161"}],"curies":[{"name":"wp","href":"https:\/\/api.w.org\/{rel}","templated":true}]}}