{"id":3136,"date":"2021-03-09T15:20:46","date_gmt":"2021-03-09T14:20:46","guid":{"rendered":"http:\/\/agora.xtec.cat\/ceip-antoni-gaudi\/?p=3136"},"modified":"2021-03-09T15:20:46","modified_gmt":"2021-03-09T14:20:46","slug":"activem-el-cardio-a-p5","status":"publish","type":"post","link":"https:\/\/agora.xtec.cat\/ceip-antoni-gaudi\/general\/activem-el-cardio-a-p5\/","title":{"rendered":"ACTIVEM EL C\u00c0RDIO A P5"},"content":{"rendered":"<p>Els infants de P5 gaudeixen de les estones de <strong>psicomotricitat<\/strong> fent activitats motrius, de joc simb\u00f2lic i de representaci\u00f3 seguint el m\u00e8tode psicomotriu de Bernard Aucouturier. A continuaci\u00f3 us deixem un recull d&#8217;imatges.<\/p>\n<p><a href=\"https:\/\/photos.app.goo.gl\/KqWma91BdRPeedX29\"><img loading=\"lazy\" decoding=\"async\" class=\"aligncenter  wp-image-3138\" src=\"https:\/\/agora.xtec.cat\/ceip-antoni-gaudi\/wp-content\/uploads\/usu683\/2021\/03\/WhatsApp-Image-2021-03-09-at-11.53.28.jpeg\" alt=\"\" width=\"479\" height=\"216\" srcset=\"https:\/\/agora.xtec.cat\/ceip-antoni-gaudi\/wp-content\/uploads\/usu683\/2021\/03\/WhatsApp-Image-2021-03-09-at-11.53.28.jpeg 2000w, https:\/\/agora.xtec.cat\/ceip-antoni-gaudi\/wp-content\/uploads\/usu683\/2021\/03\/WhatsApp-Image-2021-03-09-at-11.53.28-300x135.jpeg 300w, https:\/\/agora.xtec.cat\/ceip-antoni-gaudi\/wp-content\/uploads\/usu683\/2021\/03\/WhatsApp-Image-2021-03-09-at-11.53.28-768x346.jpeg 768w, https:\/\/agora.xtec.cat\/ceip-antoni-gaudi\/wp-content\/uploads\/usu683\/2021\/03\/WhatsApp-Image-2021-03-09-at-11.53.28-1024x461.jpeg 1024w\" sizes=\"auto, (max-width: 479px) 100vw, 479px\" \/><\/a><\/p>\n<p>&nbsp;<\/p>\n","protected":false},"excerpt":{"rendered":"<p>Els infants de P5 gaudeixen de les estones de psicomotricitat fent activitats motrius, de joc simb\u00f2lic i de representaci\u00f3 seguint el m\u00e8tode psicomotriu de Bernard Aucouturier. A continuaci\u00f3 us deixem un recull d&#8217;imatges.<br \/>\n<a href=\"https:\/\/photos.app.goo.gl\/KqWma91BdRPeedX29\"><\/a><br \/>\n&nbsp;<\/p>\n","protected":false},"author":6,"featured_media":3138,"comment_status":"open","ping_status":"closed","sticky":false,"template":"","format":"standard","meta":{"_bbp_topic_count":0,"_bbp_reply_count":0,"_bbp_total_topic_count":0,"_bbp_total_reply_count":0,"_bbp_voice_count":0,"_bbp_anonymous_reply_count":0,"_bbp_topic_count_hidden":0,"_bbp_reply_count_hidden":0,"_bbp_forum_subforum_count":0,"footnotes":""},"categories":[1,9,2,4],"tags":[],"class_list":["post-3136","post","type-post","status-publish","format-standard","has-post-thumbnail","hentry","category-general","category-i5","category-infantil","category-portada"],"post_mailing_queue_ids":[],"_links":{"self":[{"href":"https:\/\/agora.xtec.cat\/ceip-antoni-gaudi\/wp-json\/wp\/v2\/posts\/3136","targetHints":{"allow":["GET"]}}],"collection":[{"href":"https:\/\/agora.xtec.cat\/ceip-antoni-gaudi\/wp-json\/wp\/v2\/posts"}],"about":[{"href":"https:\/\/agora.xtec.cat\/ceip-antoni-gaudi\/wp-json\/wp\/v2\/types\/post"}],"author":[{"embeddable":true,"href":"https:\/\/agora.xtec.cat\/ceip-antoni-gaudi\/wp-json\/wp\/v2\/users\/6"}],"replies":[{"embeddable":true,"href":"https:\/\/agora.xtec.cat\/ceip-antoni-gaudi\/wp-json\/wp\/v2\/comments?post=3136"}],"version-history":[{"count":2,"href":"https:\/\/agora.xtec.cat\/ceip-antoni-gaudi\/wp-json\/wp\/v2\/posts\/3136\/revisions"}],"predecessor-version":[{"id":3141,"href":"https:\/\/agora.xtec.cat\/ceip-antoni-gaudi\/wp-json\/wp\/v2\/posts\/3136\/revisions\/3141"}],"wp:featuredmedia":[{"embeddable":true,"href":"https:\/\/agora.xtec.cat\/ceip-antoni-gaudi\/wp-json\/wp\/v2\/media\/3138"}],"wp:attachment":[{"href":"https:\/\/agora.xtec.cat\/ceip-antoni-gaudi\/wp-json\/wp\/v2\/media?parent=3136"}],"wp:term":[{"taxonomy":"category","embeddable":true,"href":"https:\/\/agora.xtec.cat\/ceip-antoni-gaudi\/wp-json\/wp\/v2\/categories?post=3136"},{"taxonomy":"post_tag","embeddable":true,"href":"https:\/\/agora.xtec.cat\/ceip-antoni-gaudi\/wp-json\/wp\/v2\/tags?post=3136"}],"curies":[{"name":"wp","href":"https:\/\/api.w.org\/{rel}","templated":true}]}}