{"id":3119,"date":"2021-03-05T21:22:09","date_gmt":"2021-03-05T20:22:09","guid":{"rendered":"http:\/\/agora.xtec.cat\/ceip-antoni-gaudi\/?p=3119"},"modified":"2021-03-24T09:32:16","modified_gmt":"2021-03-24T08:32:16","slug":"sortida-exploradors-p4","status":"publish","type":"post","link":"https:\/\/agora.xtec.cat\/ceip-antoni-gaudi\/general\/sortida-exploradors-p4\/","title":{"rendered":"SORTIDA EXPLORADORS P4"},"content":{"rendered":"<p>El passat dimecres els alumnes de P4 van realitzar una sortida per explorar els camins que hi ha a l&#8217;entorn de l&#8217;escola per gaudir d&#8217;un mat\u00ed a l&#8217;aire lliure. Aquesta activitat pertany al projecte d&#8217;escola <em>&#8220;Cada Acci\u00f3 Compta&#8221;<\/em>. A continuaci\u00f3 us deixem un recull d&#8217;imatges on podreu veure com de b\u00e9 s&#8217;ho van passar!<\/p>\n<p><a href=\"https:\/\/photos.app.goo.gl\/uqfHgs8FQXELf6we9\"><img loading=\"lazy\" decoding=\"async\" class=\"aligncenter wp-image-3120\" src=\"https:\/\/agora.xtec.cat\/ceip-antoni-gaudi\/wp-content\/uploads\/usu683\/2021\/03\/WhatsApp-Image-2021-03-05-at-20.21.39.jpeg\" alt=\"\" width=\"299\" height=\"327\" srcset=\"https:\/\/agora.xtec.cat\/ceip-antoni-gaudi\/wp-content\/uploads\/usu683\/2021\/03\/WhatsApp-Image-2021-03-05-at-20.21.39.jpeg 1870w, https:\/\/agora.xtec.cat\/ceip-antoni-gaudi\/wp-content\/uploads\/usu683\/2021\/03\/WhatsApp-Image-2021-03-05-at-20.21.39-274x300.jpeg 274w, https:\/\/agora.xtec.cat\/ceip-antoni-gaudi\/wp-content\/uploads\/usu683\/2021\/03\/WhatsApp-Image-2021-03-05-at-20.21.39-768x841.jpeg 768w, https:\/\/agora.xtec.cat\/ceip-antoni-gaudi\/wp-content\/uploads\/usu683\/2021\/03\/WhatsApp-Image-2021-03-05-at-20.21.39-935x1024.jpeg 935w\" sizes=\"auto, (max-width: 299px) 100vw, 299px\" \/><\/a><\/p>\n","protected":false},"excerpt":{"rendered":"<p>El passat dimecres els alumnes de P4 van realitzar una sortida per explorar els camins que hi ha a l&#8217;entorn de l&#8217;escola per gaudir d&#8217;un mat\u00ed a l&#8217;aire lliure. Aquesta activitat pertany al projecte d&#8217;escola &#8220;Cada Acci\u00f3 Compta&#8221;. A continuaci\u00f3 us deixem un recull d&#8217;imatges&hellip;  <a href=\"https:\/\/agora.xtec.cat\/ceip-antoni-gaudi\/general\/sortida-exploradors-p4\/\" title=\"Read SORTIDA EXPLORADORS P4\">Llegeix m\u00e9s\u00bb<\/a><\/p>\n","protected":false},"author":6,"featured_media":3120,"comment_status":"open","ping_status":"closed","sticky":false,"template":"","format":"standard","meta":{"_bbp_topic_count":0,"_bbp_reply_count":0,"_bbp_total_topic_count":0,"_bbp_total_reply_count":0,"_bbp_voice_count":0,"_bbp_anonymous_reply_count":0,"_bbp_topic_count_hidden":0,"_bbp_reply_count_hidden":0,"_bbp_forum_subforum_count":0,"footnotes":""},"categories":[1,8,2,4],"tags":[],"class_list":["post-3119","post","type-post","status-publish","format-standard","has-post-thumbnail","hentry","category-general","category-i4","category-infantil","category-portada"],"post_mailing_queue_ids":[],"_links":{"self":[{"href":"https:\/\/agora.xtec.cat\/ceip-antoni-gaudi\/wp-json\/wp\/v2\/posts\/3119","targetHints":{"allow":["GET"]}}],"collection":[{"href":"https:\/\/agora.xtec.cat\/ceip-antoni-gaudi\/wp-json\/wp\/v2\/posts"}],"about":[{"href":"https:\/\/agora.xtec.cat\/ceip-antoni-gaudi\/wp-json\/wp\/v2\/types\/post"}],"author":[{"embeddable":true,"href":"https:\/\/agora.xtec.cat\/ceip-antoni-gaudi\/wp-json\/wp\/v2\/users\/6"}],"replies":[{"embeddable":true,"href":"https:\/\/agora.xtec.cat\/ceip-antoni-gaudi\/wp-json\/wp\/v2\/comments?post=3119"}],"version-history":[{"count":3,"href":"https:\/\/agora.xtec.cat\/ceip-antoni-gaudi\/wp-json\/wp\/v2\/posts\/3119\/revisions"}],"predecessor-version":[{"id":3231,"href":"https:\/\/agora.xtec.cat\/ceip-antoni-gaudi\/wp-json\/wp\/v2\/posts\/3119\/revisions\/3231"}],"wp:featuredmedia":[{"embeddable":true,"href":"https:\/\/agora.xtec.cat\/ceip-antoni-gaudi\/wp-json\/wp\/v2\/media\/3120"}],"wp:attachment":[{"href":"https:\/\/agora.xtec.cat\/ceip-antoni-gaudi\/wp-json\/wp\/v2\/media?parent=3119"}],"wp:term":[{"taxonomy":"category","embeddable":true,"href":"https:\/\/agora.xtec.cat\/ceip-antoni-gaudi\/wp-json\/wp\/v2\/categories?post=3119"},{"taxonomy":"post_tag","embeddable":true,"href":"https:\/\/agora.xtec.cat\/ceip-antoni-gaudi\/wp-json\/wp\/v2\/tags?post=3119"}],"curies":[{"name":"wp","href":"https:\/\/api.w.org\/{rel}","templated":true}]}}