{"id":3102,"date":"2021-03-05T08:28:46","date_gmt":"2021-03-05T07:28:46","guid":{"rendered":"http:\/\/agora.xtec.cat\/ceip-antoni-gaudi\/?p=3102"},"modified":"2021-03-05T08:29:30","modified_gmt":"2021-03-05T07:29:30","slug":"sortida-puigcornet","status":"publish","type":"post","link":"https:\/\/agora.xtec.cat\/ceip-antoni-gaudi\/general\/sortida-puigcornet\/","title":{"rendered":"Sortida amb els alumnes de 5\u00e8 a Puigcornet"},"content":{"rendered":"<p>Dintre de la setmana de l&#8217;explorador els alumnes de cinqu\u00e8 han anat a Puigcornet a fer una cursa d&#8217;orientaci\u00f3 i ja han aprofitat la tarda per fer i gravar espots publicitaris relacionats amb la cura i la protecci\u00f3 del medi ambient. Clicant a sobre de la imatge podreu gaudir del recull de fotografies que fetes.<\/p>\n<p><a href=\"https:\/\/photos.app.goo.gl\/RVyx2mUZ6k2moBBb7\"><img loading=\"lazy\" decoding=\"async\" class=\"wp-image-3103 aligncenter\" src=\"https:\/\/agora.xtec.cat\/ceip-antoni-gaudi\/wp-content\/uploads\/usu683\/2021\/03\/IMG-20210304-WA0025-768x1024.jpg\" alt=\"\" width=\"184\" height=\"245\" srcset=\"https:\/\/agora.xtec.cat\/ceip-antoni-gaudi\/wp-content\/uploads\/usu683\/2021\/03\/IMG-20210304-WA0025-768x1024.jpg 768w, https:\/\/agora.xtec.cat\/ceip-antoni-gaudi\/wp-content\/uploads\/usu683\/2021\/03\/IMG-20210304-WA0025-225x300.jpg 225w, https:\/\/agora.xtec.cat\/ceip-antoni-gaudi\/wp-content\/uploads\/usu683\/2021\/03\/IMG-20210304-WA0025.jpg 1536w\" sizes=\"auto, (max-width: 184px) 100vw, 184px\" \/><\/a><\/p>\n","protected":false},"excerpt":{"rendered":"<p>Dintre de la setmana de l&#8217;explorador els alumnes de cinqu\u00e8 han anat a Puigcornet a fer una cursa d&#8217;orientaci\u00f3 i ja han aprofitat la tarda per fer i gravar espots publicitaris relacionats amb la cura i la protecci\u00f3 del medi ambient. Clicant a sobre de&hellip;  <a href=\"https:\/\/agora.xtec.cat\/ceip-antoni-gaudi\/general\/sortida-puigcornet\/\" title=\"Read Sortida amb els alumnes de 5\u00e8 a Puigcornet\">Llegeix m\u00e9s\u00bb<\/a><\/p>\n","protected":false},"author":5,"featured_media":0,"comment_status":"open","ping_status":"closed","sticky":false,"template":"","format":"standard","meta":{"_bbp_topic_count":0,"_bbp_reply_count":0,"_bbp_total_topic_count":0,"_bbp_total_reply_count":0,"_bbp_voice_count":0,"_bbp_anonymous_reply_count":0,"_bbp_topic_count_hidden":0,"_bbp_reply_count_hidden":0,"_bbp_forum_subforum_count":0,"footnotes":""},"categories":[1,4],"tags":[],"class_list":["post-3102","post","type-post","status-publish","format-standard","hentry","category-general","category-portada"],"post_mailing_queue_ids":[],"_links":{"self":[{"href":"https:\/\/agora.xtec.cat\/ceip-antoni-gaudi\/wp-json\/wp\/v2\/posts\/3102","targetHints":{"allow":["GET"]}}],"collection":[{"href":"https:\/\/agora.xtec.cat\/ceip-antoni-gaudi\/wp-json\/wp\/v2\/posts"}],"about":[{"href":"https:\/\/agora.xtec.cat\/ceip-antoni-gaudi\/wp-json\/wp\/v2\/types\/post"}],"author":[{"embeddable":true,"href":"https:\/\/agora.xtec.cat\/ceip-antoni-gaudi\/wp-json\/wp\/v2\/users\/5"}],"replies":[{"embeddable":true,"href":"https:\/\/agora.xtec.cat\/ceip-antoni-gaudi\/wp-json\/wp\/v2\/comments?post=3102"}],"version-history":[{"count":2,"href":"https:\/\/agora.xtec.cat\/ceip-antoni-gaudi\/wp-json\/wp\/v2\/posts\/3102\/revisions"}],"predecessor-version":[{"id":3105,"href":"https:\/\/agora.xtec.cat\/ceip-antoni-gaudi\/wp-json\/wp\/v2\/posts\/3102\/revisions\/3105"}],"wp:attachment":[{"href":"https:\/\/agora.xtec.cat\/ceip-antoni-gaudi\/wp-json\/wp\/v2\/media?parent=3102"}],"wp:term":[{"taxonomy":"category","embeddable":true,"href":"https:\/\/agora.xtec.cat\/ceip-antoni-gaudi\/wp-json\/wp\/v2\/categories?post=3102"},{"taxonomy":"post_tag","embeddable":true,"href":"https:\/\/agora.xtec.cat\/ceip-antoni-gaudi\/wp-json\/wp\/v2\/tags?post=3102"}],"curies":[{"name":"wp","href":"https:\/\/api.w.org\/{rel}","templated":true}]}}