{"id":3071,"date":"2021-02-23T15:41:52","date_gmt":"2021-02-23T14:41:52","guid":{"rendered":"http:\/\/agora.xtec.cat\/ceip-antoni-gaudi\/?p=3071"},"modified":"2021-03-24T11:01:39","modified_gmt":"2021-03-24T10:01:39","slug":"buddys-i-frides-p4","status":"publish","type":"post","link":"https:\/\/agora.xtec.cat\/ceip-antoni-gaudi\/general\/buddys-i-frides-p4\/","title":{"rendered":"BUDDYS I FRIDES (P4)"},"content":{"rendered":"<p>A P4 estem treballant el nom de la nostra classe: Buddys i Frides. Ens hem volgut posar a la pell de la Buddy i de la Frida i a trav\u00e9s de jocs sensorials, hem volgut ser com elles!<\/p>\n<p>Hem apr\u00e8s que no \u00e9s gens f\u00e0cil ser un bon gos pigall o un bon gos de rescat!<\/p>\n<p><a href=\"https:\/\/photos.app.goo.gl\/HYttZNSFMhSJ3eb38\"><img loading=\"lazy\" decoding=\"async\" class=\"wp-image-3074 alignleft\" src=\"https:\/\/agora.xtec.cat\/ceip-antoni-gaudi\/wp-content\/uploads\/usu683\/2021\/02\/WhatsApp-Image-2021-02-16-at-16.05.01-2.jpeg\" alt=\"\" width=\"356\" height=\"268\" srcset=\"https:\/\/agora.xtec.cat\/ceip-antoni-gaudi\/wp-content\/uploads\/usu683\/2021\/02\/WhatsApp-Image-2021-02-16-at-16.05.01-2.jpeg 2048w, https:\/\/agora.xtec.cat\/ceip-antoni-gaudi\/wp-content\/uploads\/usu683\/2021\/02\/WhatsApp-Image-2021-02-16-at-16.05.01-2-300x225.jpeg 300w, https:\/\/agora.xtec.cat\/ceip-antoni-gaudi\/wp-content\/uploads\/usu683\/2021\/02\/WhatsApp-Image-2021-02-16-at-16.05.01-2-768x576.jpeg 768w, https:\/\/agora.xtec.cat\/ceip-antoni-gaudi\/wp-content\/uploads\/usu683\/2021\/02\/WhatsApp-Image-2021-02-16-at-16.05.01-2-1024x768.jpeg 1024w, https:\/\/agora.xtec.cat\/ceip-antoni-gaudi\/wp-content\/uploads\/usu683\/2021\/02\/WhatsApp-Image-2021-02-16-at-16.05.01-2-200x150.jpeg 200w\" sizes=\"auto, (max-width: 356px) 100vw, 356px\" \/><\/a><\/p>\n","protected":false},"excerpt":{"rendered":"<p>A P4 estem treballant el nom de la nostra classe: Buddys i Frides. Ens hem volgut posar a la pell de la Buddy i de la Frida i a trav\u00e9s de jocs sensorials, hem volgut ser com elles!<br \/>\nHem apr\u00e8s que no \u00e9s gens f\u00e0cil ser&hellip;  <a href=\"https:\/\/agora.xtec.cat\/ceip-antoni-gaudi\/general\/buddys-i-frides-p4\/\" title=\"Read BUDDYS I FRIDES (P4)\">Llegeix m\u00e9s\u00bb<\/a><\/p>\n","protected":false},"author":6,"featured_media":3074,"comment_status":"open","ping_status":"closed","sticky":false,"template":"","format":"standard","meta":{"_bbp_topic_count":0,"_bbp_reply_count":0,"_bbp_total_topic_count":0,"_bbp_total_reply_count":0,"_bbp_voice_count":0,"_bbp_anonymous_reply_count":0,"_bbp_topic_count_hidden":0,"_bbp_reply_count_hidden":0,"_bbp_forum_subforum_count":0,"footnotes":""},"categories":[1,8,2,4],"tags":[],"class_list":["post-3071","post","type-post","status-publish","format-standard","has-post-thumbnail","hentry","category-general","category-i4","category-infantil","category-portada"],"post_mailing_queue_ids":[],"_links":{"self":[{"href":"https:\/\/agora.xtec.cat\/ceip-antoni-gaudi\/wp-json\/wp\/v2\/posts\/3071","targetHints":{"allow":["GET"]}}],"collection":[{"href":"https:\/\/agora.xtec.cat\/ceip-antoni-gaudi\/wp-json\/wp\/v2\/posts"}],"about":[{"href":"https:\/\/agora.xtec.cat\/ceip-antoni-gaudi\/wp-json\/wp\/v2\/types\/post"}],"author":[{"embeddable":true,"href":"https:\/\/agora.xtec.cat\/ceip-antoni-gaudi\/wp-json\/wp\/v2\/users\/6"}],"replies":[{"embeddable":true,"href":"https:\/\/agora.xtec.cat\/ceip-antoni-gaudi\/wp-json\/wp\/v2\/comments?post=3071"}],"version-history":[{"count":3,"href":"https:\/\/agora.xtec.cat\/ceip-antoni-gaudi\/wp-json\/wp\/v2\/posts\/3071\/revisions"}],"predecessor-version":[{"id":3247,"href":"https:\/\/agora.xtec.cat\/ceip-antoni-gaudi\/wp-json\/wp\/v2\/posts\/3071\/revisions\/3247"}],"wp:featuredmedia":[{"embeddable":true,"href":"https:\/\/agora.xtec.cat\/ceip-antoni-gaudi\/wp-json\/wp\/v2\/media\/3074"}],"wp:attachment":[{"href":"https:\/\/agora.xtec.cat\/ceip-antoni-gaudi\/wp-json\/wp\/v2\/media?parent=3071"}],"wp:term":[{"taxonomy":"category","embeddable":true,"href":"https:\/\/agora.xtec.cat\/ceip-antoni-gaudi\/wp-json\/wp\/v2\/categories?post=3071"},{"taxonomy":"post_tag","embeddable":true,"href":"https:\/\/agora.xtec.cat\/ceip-antoni-gaudi\/wp-json\/wp\/v2\/tags?post=3071"}],"curies":[{"name":"wp","href":"https:\/\/api.w.org\/{rel}","templated":true}]}}