{"id":3006,"date":"2021-02-11T11:02:10","date_gmt":"2021-02-11T10:02:10","guid":{"rendered":"http:\/\/agora.xtec.cat\/ceip-antoni-gaudi\/?p=3006"},"modified":"2021-02-12T16:15:56","modified_gmt":"2021-02-12T15:15:56","slug":"2n-projectes-i-taller","status":"publish","type":"post","link":"https:\/\/agora.xtec.cat\/ceip-antoni-gaudi\/general\/2n-projectes-i-taller\/","title":{"rendered":"2n: Projectes i taller"},"content":{"rendered":"<p><img decoding=\"async\" src=\"https:\/\/agora.xtec.cat\/ceip-antoni-gaudi\/wp-content\/uploads\/usu683\/2021\/02\/PHOTO-2021-02-10-16-21-10.jpg\" \/><\/p>\n<p>Aquest trimestre a segon estem treballant per projectes a partir del nom de dues dones. A <strong>2n A<\/strong> hem triat a la Valentina Tereshkova i a <strong>2n B<\/strong> a la Jane Goodall. El projecte es diu <strong>&#8220;Dones que van canviar el m\u00f3n&#8221;<\/strong>. Ja us explicarem qui van ser, o encara millor, pregunteu al vostres fills\/es.<\/p>\n<p>Tamb\u00e9 ahir 10 de febrer vam fer un taller molt interessant sobre <strong>&#8220;Berenar saludable&#8221;<\/strong>. Hem parlat quins s\u00f3n els aliments que ens donen energia i hem de menjar di\u00e0riament i els aliments que hem de menjar espor\u00e0dicament. Hem anat a una cafeteria imagin\u00e0ria i per grups hem demanat una berenar d&#8217;all\u00f2 m\u00e9s bo. Tot i que no sempre el que es demana \u00e9s el m\u00e9s saludable.<\/p>\n<p>Aquesta setmana s&#8217;ha fet la reuni\u00f3 de delegats d&#8217;alumnes. Es va parlar dels lavabos, dels patis, de les files i sobretot, de la import\u00e0ncia de parlar en catal\u00e0. Tamb\u00e9 ens van explicar en qu\u00e8 consistiria la setmana de l&#8217;explorador. Estem molt contents amb els nostres representants. Felicitats!.<\/p>\n<p><a href=\"https:\/\/photos.app.goo.gl\/ZFJRr6dytFee8aDM8\" target=\"_blank\" rel=\"noopener noreferrer\">Fotos 2n A<\/a><\/p>\n<p><a href=\"https:\/\/photos.app.goo.gl\/DwnqJpvbmRmJg4WR7\" target=\"_blank\" rel=\"noopener noreferrer\">Fotos 2n B<\/a><\/p>\n","protected":false},"excerpt":{"rendered":"<p>Aquest trimestre a segon estem treballant per projectes a partir del nom de dues dones. A 2n A hem triat a la Valentina Tereshkova i a 2n B a la Jane Goodall. El projecte es diu &#8220;Dones que van canviar el m\u00f3n&#8221;. Ja us explicarem&hellip;  <a href=\"https:\/\/agora.xtec.cat\/ceip-antoni-gaudi\/general\/2n-projectes-i-taller\/\" title=\"Read 2n: Projectes i taller\">Llegeix m\u00e9s\u00bb<\/a><\/p>\n","protected":false},"author":4,"featured_media":3007,"comment_status":"open","ping_status":"closed","sticky":false,"template":"","format":"standard","meta":{"_bbp_topic_count":0,"_bbp_reply_count":0,"_bbp_total_topic_count":0,"_bbp_total_reply_count":0,"_bbp_voice_count":0,"_bbp_anonymous_reply_count":0,"_bbp_topic_count_hidden":0,"_bbp_reply_count_hidden":0,"_bbp_forum_subforum_count":0,"footnotes":""},"categories":[1,11,4,5],"tags":[46,165,58],"class_list":["post-3006","post","type-post","status-publish","format-standard","has-post-thumbnail","hentry","category-general","category-p2","category-portada","category-primaria","tag-cicle-inicial","tag-primaria","tag-segon"],"post_mailing_queue_ids":[],"_links":{"self":[{"href":"https:\/\/agora.xtec.cat\/ceip-antoni-gaudi\/wp-json\/wp\/v2\/posts\/3006","targetHints":{"allow":["GET"]}}],"collection":[{"href":"https:\/\/agora.xtec.cat\/ceip-antoni-gaudi\/wp-json\/wp\/v2\/posts"}],"about":[{"href":"https:\/\/agora.xtec.cat\/ceip-antoni-gaudi\/wp-json\/wp\/v2\/types\/post"}],"author":[{"embeddable":true,"href":"https:\/\/agora.xtec.cat\/ceip-antoni-gaudi\/wp-json\/wp\/v2\/users\/4"}],"replies":[{"embeddable":true,"href":"https:\/\/agora.xtec.cat\/ceip-antoni-gaudi\/wp-json\/wp\/v2\/comments?post=3006"}],"version-history":[{"count":3,"href":"https:\/\/agora.xtec.cat\/ceip-antoni-gaudi\/wp-json\/wp\/v2\/posts\/3006\/revisions"}],"predecessor-version":[{"id":3017,"href":"https:\/\/agora.xtec.cat\/ceip-antoni-gaudi\/wp-json\/wp\/v2\/posts\/3006\/revisions\/3017"}],"wp:featuredmedia":[{"embeddable":true,"href":"https:\/\/agora.xtec.cat\/ceip-antoni-gaudi\/wp-json\/wp\/v2\/media\/3007"}],"wp:attachment":[{"href":"https:\/\/agora.xtec.cat\/ceip-antoni-gaudi\/wp-json\/wp\/v2\/media?parent=3006"}],"wp:term":[{"taxonomy":"category","embeddable":true,"href":"https:\/\/agora.xtec.cat\/ceip-antoni-gaudi\/wp-json\/wp\/v2\/categories?post=3006"},{"taxonomy":"post_tag","embeddable":true,"href":"https:\/\/agora.xtec.cat\/ceip-antoni-gaudi\/wp-json\/wp\/v2\/tags?post=3006"}],"curies":[{"name":"wp","href":"https:\/\/api.w.org\/{rel}","templated":true}]}}