{"id":2996,"date":"2021-02-10T13:36:34","date_gmt":"2021-02-10T12:36:34","guid":{"rendered":"http:\/\/agora.xtec.cat\/ceip-antoni-gaudi\/?p=2996"},"modified":"2021-02-10T13:36:34","modified_gmt":"2021-02-10T12:36:34","slug":"1r-treballem-la-comprensio-lectora-amb-enigmes","status":"publish","type":"post","link":"https:\/\/agora.xtec.cat\/ceip-antoni-gaudi\/general\/1r-treballem-la-comprensio-lectora-amb-enigmes\/","title":{"rendered":"1r- TREBALLEM LA COMPRENSI\u00d3 LECTORA AMB ENIGMES!"},"content":{"rendered":"<p>Aquestes \u00faltimes setmanes a l&#8217;\u00e0rea de llengua castellana, els nens i nenes de primer, estem treballant la comprensi\u00f3 lectora a trav\u00e9s d&#8217;enigmes. \u00c9s una tasca molt divertida per\u00f2 implica concentraci\u00f3, treball en equip i sobretot molta imaginaci\u00f3 i creativitat. De moment hem trobat la soluci\u00f3 d&#8217;un dels enigmes proposats. Encara ens queda molta feina per fer!<\/p>\n<p>Els nens i nenes de primer som GRANS DETECTIUS!<\/p>\n<p>Us deixem a continuaci\u00f3 unes quantes fotos de la primera sessi\u00f3 d&#8217;enigmes<\/p>\n<p><a href=\"https:\/\/photos.app.goo.gl\/6yAG7w3DamSJtK9Q8\">Clica aqu\u00ed!<\/a><\/p>\n","protected":false},"excerpt":{"rendered":"<p>Aquestes \u00faltimes setmanes a l&#8217;\u00e0rea de llengua castellana, els nens i nenes de primer, estem treballant la comprensi\u00f3 lectora a trav\u00e9s d&#8217;enigmes. \u00c9s una tasca molt divertida per\u00f2 implica concentraci\u00f3, treball en equip i sobretot molta imaginaci\u00f3 i creativitat. De moment hem trobat la soluci\u00f3&hellip;  <a href=\"https:\/\/agora.xtec.cat\/ceip-antoni-gaudi\/general\/1r-treballem-la-comprensio-lectora-amb-enigmes\/\" title=\"Read 1r- TREBALLEM LA COMPRENSI\u00d3 LECTORA AMB ENIGMES!\">Llegeix m\u00e9s\u00bb<\/a><\/p>\n","protected":false},"author":4,"featured_media":2999,"comment_status":"open","ping_status":"closed","sticky":false,"template":"","format":"standard","meta":{"_bbp_topic_count":0,"_bbp_reply_count":0,"_bbp_total_topic_count":0,"_bbp_total_reply_count":0,"_bbp_voice_count":0,"_bbp_anonymous_reply_count":0,"_bbp_topic_count_hidden":0,"_bbp_reply_count_hidden":0,"_bbp_forum_subforum_count":0,"footnotes":""},"categories":[1,10,4,5],"tags":[223],"class_list":["post-2996","post","type-post","status-publish","format-standard","has-post-thumbnail","hentry","category-general","category-p1","category-portada","category-primaria","tag-llenguacastellana"],"post_mailing_queue_ids":[],"_links":{"self":[{"href":"https:\/\/agora.xtec.cat\/ceip-antoni-gaudi\/wp-json\/wp\/v2\/posts\/2996","targetHints":{"allow":["GET"]}}],"collection":[{"href":"https:\/\/agora.xtec.cat\/ceip-antoni-gaudi\/wp-json\/wp\/v2\/posts"}],"about":[{"href":"https:\/\/agora.xtec.cat\/ceip-antoni-gaudi\/wp-json\/wp\/v2\/types\/post"}],"author":[{"embeddable":true,"href":"https:\/\/agora.xtec.cat\/ceip-antoni-gaudi\/wp-json\/wp\/v2\/users\/4"}],"replies":[{"embeddable":true,"href":"https:\/\/agora.xtec.cat\/ceip-antoni-gaudi\/wp-json\/wp\/v2\/comments?post=2996"}],"version-history":[{"count":2,"href":"https:\/\/agora.xtec.cat\/ceip-antoni-gaudi\/wp-json\/wp\/v2\/posts\/2996\/revisions"}],"predecessor-version":[{"id":3003,"href":"https:\/\/agora.xtec.cat\/ceip-antoni-gaudi\/wp-json\/wp\/v2\/posts\/2996\/revisions\/3003"}],"wp:featuredmedia":[{"embeddable":true,"href":"https:\/\/agora.xtec.cat\/ceip-antoni-gaudi\/wp-json\/wp\/v2\/media\/2999"}],"wp:attachment":[{"href":"https:\/\/agora.xtec.cat\/ceip-antoni-gaudi\/wp-json\/wp\/v2\/media?parent=2996"}],"wp:term":[{"taxonomy":"category","embeddable":true,"href":"https:\/\/agora.xtec.cat\/ceip-antoni-gaudi\/wp-json\/wp\/v2\/categories?post=2996"},{"taxonomy":"post_tag","embeddable":true,"href":"https:\/\/agora.xtec.cat\/ceip-antoni-gaudi\/wp-json\/wp\/v2\/tags?post=2996"}],"curies":[{"name":"wp","href":"https:\/\/api.w.org\/{rel}","templated":true}]}}