{"id":2984,"date":"2021-02-02T15:45:16","date_gmt":"2021-02-02T14:45:16","guid":{"rendered":"http:\/\/agora.xtec.cat\/ceip-antoni-gaudi\/?p=2984"},"modified":"2021-03-23T17:02:51","modified_gmt":"2021-03-23T16:02:51","slug":"racons-matematics-a-p4-2","status":"publish","type":"post","link":"https:\/\/agora.xtec.cat\/ceip-antoni-gaudi\/general\/racons-matematics-a-p4-2\/","title":{"rendered":"RACONS MATEM\u00c0TICS A P4"},"content":{"rendered":"<p>Aquest segon trimestre hem iniciat nous racons matem\u00e0tics, aix\u00f2 ens permet adquirir els conceptes b\u00e0sics amb diferents materials i de forma manipulativa.<\/p>\n<p><a href=\"https:\/\/photos.app.goo.gl\/zfU4JiyWzSKx8pCS8\"><img loading=\"lazy\" decoding=\"async\" class=\"wp-image-2985 alignleft\" src=\"https:\/\/agora.xtec.cat\/ceip-antoni-gaudi\/wp-content\/uploads\/usu683\/2021\/02\/Archivo_000.jpeg\" alt=\"\" width=\"350\" height=\"248\" srcset=\"https:\/\/agora.xtec.cat\/ceip-antoni-gaudi\/wp-content\/uploads\/usu683\/2021\/02\/Archivo_000.jpeg 3423w, https:\/\/agora.xtec.cat\/ceip-antoni-gaudi\/wp-content\/uploads\/usu683\/2021\/02\/Archivo_000-300x213.jpeg 300w, https:\/\/agora.xtec.cat\/ceip-antoni-gaudi\/wp-content\/uploads\/usu683\/2021\/02\/Archivo_000-768x545.jpeg 768w, https:\/\/agora.xtec.cat\/ceip-antoni-gaudi\/wp-content\/uploads\/usu683\/2021\/02\/Archivo_000-1024x727.jpeg 1024w\" sizes=\"auto, (max-width: 350px) 100vw, 350px\" \/><\/a><\/p>\n","protected":false},"excerpt":{"rendered":"<p>Aquest segon trimestre hem iniciat nous racons matem\u00e0tics, aix\u00f2 ens permet adquirir els conceptes b\u00e0sics amb diferents materials i de forma manipulativa.<br \/>\n<a href=\"https:\/\/photos.app.goo.gl\/zfU4JiyWzSKx8pCS8\"><\/a><\/p>\n","protected":false},"author":6,"featured_media":2985,"comment_status":"open","ping_status":"closed","sticky":false,"template":"","format":"standard","meta":{"_bbp_topic_count":0,"_bbp_reply_count":0,"_bbp_total_topic_count":0,"_bbp_total_reply_count":0,"_bbp_voice_count":0,"_bbp_anonymous_reply_count":0,"_bbp_topic_count_hidden":0,"_bbp_reply_count_hidden":0,"_bbp_forum_subforum_count":0,"footnotes":""},"categories":[1,8,2,4],"tags":[],"class_list":["post-2984","post","type-post","status-publish","format-standard","has-post-thumbnail","hentry","category-general","category-i4","category-infantil","category-portada"],"post_mailing_queue_ids":[],"_links":{"self":[{"href":"https:\/\/agora.xtec.cat\/ceip-antoni-gaudi\/wp-json\/wp\/v2\/posts\/2984","targetHints":{"allow":["GET"]}}],"collection":[{"href":"https:\/\/agora.xtec.cat\/ceip-antoni-gaudi\/wp-json\/wp\/v2\/posts"}],"about":[{"href":"https:\/\/agora.xtec.cat\/ceip-antoni-gaudi\/wp-json\/wp\/v2\/types\/post"}],"author":[{"embeddable":true,"href":"https:\/\/agora.xtec.cat\/ceip-antoni-gaudi\/wp-json\/wp\/v2\/users\/6"}],"replies":[{"embeddable":true,"href":"https:\/\/agora.xtec.cat\/ceip-antoni-gaudi\/wp-json\/wp\/v2\/comments?post=2984"}],"version-history":[{"count":2,"href":"https:\/\/agora.xtec.cat\/ceip-antoni-gaudi\/wp-json\/wp\/v2\/posts\/2984\/revisions"}],"predecessor-version":[{"id":3217,"href":"https:\/\/agora.xtec.cat\/ceip-antoni-gaudi\/wp-json\/wp\/v2\/posts\/2984\/revisions\/3217"}],"wp:featuredmedia":[{"embeddable":true,"href":"https:\/\/agora.xtec.cat\/ceip-antoni-gaudi\/wp-json\/wp\/v2\/media\/2985"}],"wp:attachment":[{"href":"https:\/\/agora.xtec.cat\/ceip-antoni-gaudi\/wp-json\/wp\/v2\/media?parent=2984"}],"wp:term":[{"taxonomy":"category","embeddable":true,"href":"https:\/\/agora.xtec.cat\/ceip-antoni-gaudi\/wp-json\/wp\/v2\/categories?post=2984"},{"taxonomy":"post_tag","embeddable":true,"href":"https:\/\/agora.xtec.cat\/ceip-antoni-gaudi\/wp-json\/wp\/v2\/tags?post=2984"}],"curies":[{"name":"wp","href":"https:\/\/api.w.org\/{rel}","templated":true}]}}