{"id":2931,"date":"2021-01-19T15:22:38","date_gmt":"2021-01-19T14:22:38","guid":{"rendered":"http:\/\/agora.xtec.cat\/ceip-antoni-gaudi\/?p=2931"},"modified":"2021-03-24T12:11:58","modified_gmt":"2021-03-24T11:11:58","slug":"lhivern-ja-es-aqui","status":"publish","type":"post","link":"https:\/\/agora.xtec.cat\/ceip-antoni-gaudi\/general\/lhivern-ja-es-aqui\/","title":{"rendered":"L&#8217;HIVERN JA \u00c9S AQU\u00cd P4"},"content":{"rendered":"<p>Aquest dies ja hem comen\u00e7at a notar el fred de l&#8217;hivern, per aix\u00f2 hem treballat amb aspectes relacionats amb aquesta estaci\u00f3 de l&#8217;any en la que ens trobem.<br \/>\nVam fer pintura lliure tot tenint en compte els colors m\u00e9s freds: gris, blau, blanc, lila&#8230; Amb l\u00e0mines de dibuix i cavallets i tamb\u00e9 vam pintar sobre film transparent!<br \/>\nA m\u00e9s a m\u00e9s, v\u00e0rem jugar i fer manipulaci\u00f3 amb espuma d&#8217;afaitar tot imaginant-nos que era neu, va ser divertid\u00edssim!<\/p>\n<p><a href=\"https:\/\/photos.app.goo.gl\/yZvFxNwMW7eLZUyS7\"><img loading=\"lazy\" decoding=\"async\" class=\"wp-image-2932 alignleft\" src=\"https:\/\/agora.xtec.cat\/ceip-antoni-gaudi\/wp-content\/uploads\/usu683\/2021\/01\/Archivo_015.jpeg\" alt=\"\" width=\"289\" height=\"217\" srcset=\"https:\/\/agora.xtec.cat\/ceip-antoni-gaudi\/wp-content\/uploads\/usu683\/2021\/01\/Archivo_015.jpeg 4032w, https:\/\/agora.xtec.cat\/ceip-antoni-gaudi\/wp-content\/uploads\/usu683\/2021\/01\/Archivo_015-300x225.jpeg 300w, https:\/\/agora.xtec.cat\/ceip-antoni-gaudi\/wp-content\/uploads\/usu683\/2021\/01\/Archivo_015-768x576.jpeg 768w, https:\/\/agora.xtec.cat\/ceip-antoni-gaudi\/wp-content\/uploads\/usu683\/2021\/01\/Archivo_015-1024x768.jpeg 1024w, https:\/\/agora.xtec.cat\/ceip-antoni-gaudi\/wp-content\/uploads\/usu683\/2021\/01\/Archivo_015-200x150.jpeg 200w\" sizes=\"auto, (max-width: 289px) 100vw, 289px\" \/><\/a><\/p>\n","protected":false},"excerpt":{"rendered":"<p>Aquest dies ja hem comen\u00e7at a notar el fred de l&#8217;hivern, per aix\u00f2 hem treballat amb aspectes relacionats amb aquesta estaci\u00f3 de l&#8217;any en la que ens trobem.<br \/>\nVam fer pintura lliure tot tenint en compte els colors m\u00e9s freds: gris, blau, blanc, lila&#8230; Amb l\u00e0mines&hellip;  <a href=\"https:\/\/agora.xtec.cat\/ceip-antoni-gaudi\/general\/lhivern-ja-es-aqui\/\" title=\"Read L&#8217;HIVERN JA \u00c9S AQU\u00cd P4\">Llegeix m\u00e9s\u00bb<\/a><\/p>\n","protected":false},"author":6,"featured_media":2932,"comment_status":"open","ping_status":"closed","sticky":false,"template":"","format":"standard","meta":{"_bbp_topic_count":0,"_bbp_reply_count":0,"_bbp_total_topic_count":0,"_bbp_total_reply_count":0,"_bbp_voice_count":0,"_bbp_anonymous_reply_count":0,"_bbp_topic_count_hidden":0,"_bbp_reply_count_hidden":0,"_bbp_forum_subforum_count":0,"footnotes":""},"categories":[1,8,2,4],"tags":[],"class_list":["post-2931","post","type-post","status-publish","format-standard","has-post-thumbnail","hentry","category-general","category-i4","category-infantil","category-portada"],"post_mailing_queue_ids":[],"_links":{"self":[{"href":"https:\/\/agora.xtec.cat\/ceip-antoni-gaudi\/wp-json\/wp\/v2\/posts\/2931","targetHints":{"allow":["GET"]}}],"collection":[{"href":"https:\/\/agora.xtec.cat\/ceip-antoni-gaudi\/wp-json\/wp\/v2\/posts"}],"about":[{"href":"https:\/\/agora.xtec.cat\/ceip-antoni-gaudi\/wp-json\/wp\/v2\/types\/post"}],"author":[{"embeddable":true,"href":"https:\/\/agora.xtec.cat\/ceip-antoni-gaudi\/wp-json\/wp\/v2\/users\/6"}],"replies":[{"embeddable":true,"href":"https:\/\/agora.xtec.cat\/ceip-antoni-gaudi\/wp-json\/wp\/v2\/comments?post=2931"}],"version-history":[{"count":3,"href":"https:\/\/agora.xtec.cat\/ceip-antoni-gaudi\/wp-json\/wp\/v2\/posts\/2931\/revisions"}],"predecessor-version":[{"id":3255,"href":"https:\/\/agora.xtec.cat\/ceip-antoni-gaudi\/wp-json\/wp\/v2\/posts\/2931\/revisions\/3255"}],"wp:featuredmedia":[{"embeddable":true,"href":"https:\/\/agora.xtec.cat\/ceip-antoni-gaudi\/wp-json\/wp\/v2\/media\/2932"}],"wp:attachment":[{"href":"https:\/\/agora.xtec.cat\/ceip-antoni-gaudi\/wp-json\/wp\/v2\/media?parent=2931"}],"wp:term":[{"taxonomy":"category","embeddable":true,"href":"https:\/\/agora.xtec.cat\/ceip-antoni-gaudi\/wp-json\/wp\/v2\/categories?post=2931"},{"taxonomy":"post_tag","embeddable":true,"href":"https:\/\/agora.xtec.cat\/ceip-antoni-gaudi\/wp-json\/wp\/v2\/tags?post=2931"}],"curies":[{"name":"wp","href":"https:\/\/api.w.org\/{rel}","templated":true}]}}