{"id":2920,"date":"2020-12-21T19:02:19","date_gmt":"2020-12-21T18:02:19","guid":{"rendered":"http:\/\/agora.xtec.cat\/ceip-antoni-gaudi\/?p=2920"},"modified":"2020-12-21T19:03:33","modified_gmt":"2020-12-21T18:03:33","slug":"caga-tio","status":"publish","type":"post","link":"https:\/\/agora.xtec.cat\/ceip-antoni-gaudi\/general\/caga-tio\/","title":{"rendered":"CAGA TI\u00d3!"},"content":{"rendered":"<p>Avui, en ser l&#8217;\u00faltim dia d&#8217;escola abans de les vacances, hem cagat el ti\u00f3. Li hem dit el poema de Nadal,\u00a0 li hem cantat can\u00e7ons i com que ho hem fet tant b\u00e9 ens ha cagat xocolata i una joguina per a cadasc\u00fa!<\/p>\n<p>Podeu veure algunes fotos clicant a la imatge.<\/p>\n<p><a href=\"https:\/\/photos.app.goo.gl\/s8ZZE91VCGsiPxDV9\"><img loading=\"lazy\" decoding=\"async\" class=\"wp-image-2921 alignleft\" src=\"https:\/\/agora.xtec.cat\/ceip-antoni-gaudi\/wp-content\/uploads\/usu683\/2020\/12\/caga-tio-de-nadal-banner.jpg\" alt=\"\" width=\"325\" height=\"139\" srcset=\"https:\/\/agora.xtec.cat\/ceip-antoni-gaudi\/wp-content\/uploads\/usu683\/2020\/12\/caga-tio-de-nadal-banner.jpg 1144w, https:\/\/agora.xtec.cat\/ceip-antoni-gaudi\/wp-content\/uploads\/usu683\/2020\/12\/caga-tio-de-nadal-banner-300x128.jpg 300w, https:\/\/agora.xtec.cat\/ceip-antoni-gaudi\/wp-content\/uploads\/usu683\/2020\/12\/caga-tio-de-nadal-banner-768x329.jpg 768w, https:\/\/agora.xtec.cat\/ceip-antoni-gaudi\/wp-content\/uploads\/usu683\/2020\/12\/caga-tio-de-nadal-banner-1024x439.jpg 1024w\" sizes=\"auto, (max-width: 325px) 100vw, 325px\" \/><\/a><\/p>\n<p>&nbsp;<\/p>\n<p>Ha sigut un dia m\u00e0gic a l&#8217;escola i esperem que gaudiu de les vacances en fam\u00edlia, ens veiem el dia 11 de Gener!<\/p>\n<p>Bon Nadal!<\/p>\n","protected":false},"excerpt":{"rendered":"<p>Avui, en ser l&#8217;\u00faltim dia d&#8217;escola abans de les vacances, hem cagat el ti\u00f3. Li hem dit el poema de Nadal,\u00a0 li hem cantat can\u00e7ons i com que ho hem fet tant b\u00e9 ens ha cagat xocolata i una joguina per a cadasc\u00fa!<br \/>\nPodeu veure algunes&hellip;  <a href=\"https:\/\/agora.xtec.cat\/ceip-antoni-gaudi\/general\/caga-tio\/\" title=\"Read CAGA TI\u00d3!\">Llegeix m\u00e9s\u00bb<\/a><\/p>\n","protected":false},"author":6,"featured_media":2921,"comment_status":"open","ping_status":"closed","sticky":false,"template":"","format":"standard","meta":{"_bbp_topic_count":0,"_bbp_reply_count":0,"_bbp_total_topic_count":0,"_bbp_total_reply_count":0,"_bbp_voice_count":0,"_bbp_anonymous_reply_count":0,"_bbp_topic_count_hidden":0,"_bbp_reply_count_hidden":0,"_bbp_forum_subforum_count":0,"footnotes":""},"categories":[1,3,8,9,2,4],"tags":[],"class_list":["post-2920","post","type-post","status-publish","format-standard","has-post-thumbnail","hentry","category-general","category-i3","category-i4","category-i5","category-infantil","category-portada"],"post_mailing_queue_ids":[],"_links":{"self":[{"href":"https:\/\/agora.xtec.cat\/ceip-antoni-gaudi\/wp-json\/wp\/v2\/posts\/2920","targetHints":{"allow":["GET"]}}],"collection":[{"href":"https:\/\/agora.xtec.cat\/ceip-antoni-gaudi\/wp-json\/wp\/v2\/posts"}],"about":[{"href":"https:\/\/agora.xtec.cat\/ceip-antoni-gaudi\/wp-json\/wp\/v2\/types\/post"}],"author":[{"embeddable":true,"href":"https:\/\/agora.xtec.cat\/ceip-antoni-gaudi\/wp-json\/wp\/v2\/users\/6"}],"replies":[{"embeddable":true,"href":"https:\/\/agora.xtec.cat\/ceip-antoni-gaudi\/wp-json\/wp\/v2\/comments?post=2920"}],"version-history":[{"count":2,"href":"https:\/\/agora.xtec.cat\/ceip-antoni-gaudi\/wp-json\/wp\/v2\/posts\/2920\/revisions"}],"predecessor-version":[{"id":2923,"href":"https:\/\/agora.xtec.cat\/ceip-antoni-gaudi\/wp-json\/wp\/v2\/posts\/2920\/revisions\/2923"}],"wp:featuredmedia":[{"embeddable":true,"href":"https:\/\/agora.xtec.cat\/ceip-antoni-gaudi\/wp-json\/wp\/v2\/media\/2921"}],"wp:attachment":[{"href":"https:\/\/agora.xtec.cat\/ceip-antoni-gaudi\/wp-json\/wp\/v2\/media?parent=2920"}],"wp:term":[{"taxonomy":"category","embeddable":true,"href":"https:\/\/agora.xtec.cat\/ceip-antoni-gaudi\/wp-json\/wp\/v2\/categories?post=2920"},{"taxonomy":"post_tag","embeddable":true,"href":"https:\/\/agora.xtec.cat\/ceip-antoni-gaudi\/wp-json\/wp\/v2\/tags?post=2920"}],"curies":[{"name":"wp","href":"https:\/\/api.w.org\/{rel}","templated":true}]}}