{"id":2893,"date":"2020-12-01T15:23:40","date_gmt":"2020-12-01T14:23:40","guid":{"rendered":"http:\/\/agora.xtec.cat\/ceip-antoni-gaudi\/?p=2893"},"modified":"2021-03-24T10:52:36","modified_gmt":"2021-03-24T09:52:36","slug":"joc-de-pistes-dels-gossos-de-p4","status":"publish","type":"post","link":"https:\/\/agora.xtec.cat\/ceip-antoni-gaudi\/general\/joc-de-pistes-dels-gossos-de-p4\/","title":{"rendered":"Joc de pistes dels gossos de P4!"},"content":{"rendered":"<p>Fa uns dies els nens i nenes de P4 hem fet una petita sortida pels voltants de l&#8217;escola, aprofitant el nostre fant\u00e0stic entorn hem fet un joc de pistes amb els sentits com a protagonistes. Ha estat molt divertit con\u00e8ixer i comparar els sentits dels \u00e9ssers humans amb els que tenen els gossos.<\/p>\n<p><a href=\"https:\/\/photos.app.goo.gl\/wgwpNh2bvPS4mSDJ6\"><img decoding=\"async\" src=\"https:\/\/agora.xtec.cat\/ceip-antoni-gaudi\/wp-content\/uploads\/usu683\/2020\/12\/WhatsApp-Image-2020-12-01-at-15.19.54.jpeg\" \/><\/a><\/p>\n","protected":false},"excerpt":{"rendered":"<p>Fa uns dies els nens i nenes de P4 hem fet una petita sortida pels voltants de l&#8217;escola, aprofitant el nostre fant\u00e0stic entorn hem fet un joc de pistes amb els sentits com a protagonistes. Ha estat molt divertit con\u00e8ixer i comparar els sentits dels&hellip;  <a href=\"https:\/\/agora.xtec.cat\/ceip-antoni-gaudi\/general\/joc-de-pistes-dels-gossos-de-p4\/\" title=\"Read Joc de pistes dels gossos de P4!\">Llegeix m\u00e9s\u00bb<\/a><\/p>\n","protected":false},"author":6,"featured_media":2894,"comment_status":"open","ping_status":"closed","sticky":false,"template":"","format":"standard","meta":{"_bbp_topic_count":0,"_bbp_reply_count":0,"_bbp_total_topic_count":0,"_bbp_total_reply_count":0,"_bbp_voice_count":0,"_bbp_anonymous_reply_count":0,"_bbp_topic_count_hidden":0,"_bbp_reply_count_hidden":0,"_bbp_forum_subforum_count":0,"footnotes":""},"categories":[1,8,2,4],"tags":[],"class_list":["post-2893","post","type-post","status-publish","format-standard","has-post-thumbnail","hentry","category-general","category-i4","category-infantil","category-portada"],"post_mailing_queue_ids":[],"_links":{"self":[{"href":"https:\/\/agora.xtec.cat\/ceip-antoni-gaudi\/wp-json\/wp\/v2\/posts\/2893","targetHints":{"allow":["GET"]}}],"collection":[{"href":"https:\/\/agora.xtec.cat\/ceip-antoni-gaudi\/wp-json\/wp\/v2\/posts"}],"about":[{"href":"https:\/\/agora.xtec.cat\/ceip-antoni-gaudi\/wp-json\/wp\/v2\/types\/post"}],"author":[{"embeddable":true,"href":"https:\/\/agora.xtec.cat\/ceip-antoni-gaudi\/wp-json\/wp\/v2\/users\/6"}],"replies":[{"embeddable":true,"href":"https:\/\/agora.xtec.cat\/ceip-antoni-gaudi\/wp-json\/wp\/v2\/comments?post=2893"}],"version-history":[{"count":2,"href":"https:\/\/agora.xtec.cat\/ceip-antoni-gaudi\/wp-json\/wp\/v2\/posts\/2893\/revisions"}],"predecessor-version":[{"id":3242,"href":"https:\/\/agora.xtec.cat\/ceip-antoni-gaudi\/wp-json\/wp\/v2\/posts\/2893\/revisions\/3242"}],"wp:featuredmedia":[{"embeddable":true,"href":"https:\/\/agora.xtec.cat\/ceip-antoni-gaudi\/wp-json\/wp\/v2\/media\/2894"}],"wp:attachment":[{"href":"https:\/\/agora.xtec.cat\/ceip-antoni-gaudi\/wp-json\/wp\/v2\/media?parent=2893"}],"wp:term":[{"taxonomy":"category","embeddable":true,"href":"https:\/\/agora.xtec.cat\/ceip-antoni-gaudi\/wp-json\/wp\/v2\/categories?post=2893"},{"taxonomy":"post_tag","embeddable":true,"href":"https:\/\/agora.xtec.cat\/ceip-antoni-gaudi\/wp-json\/wp\/v2\/tags?post=2893"}],"curies":[{"name":"wp","href":"https:\/\/api.w.org\/{rel}","templated":true}]}}