{"id":2692,"date":"2020-10-06T15:24:12","date_gmt":"2020-10-06T13:24:12","guid":{"rendered":"http:\/\/agora.xtec.cat\/ceip-antoni-gaudi\/?p=2692"},"modified":"2021-03-24T10:51:46","modified_gmt":"2021-03-24T09:51:46","slug":"treballem-amb-sabo","status":"publish","type":"post","link":"https:\/\/agora.xtec.cat\/ceip-antoni-gaudi\/general\/treballem-amb-sabo\/","title":{"rendered":"Treballem amb sab\u00f3!"},"content":{"rendered":"<p>Benvinguts a P4!!<\/p>\n<p>Durant aquestes primeres setmanes hem estat parlant molt sobre la import\u00e0ncia de rentar-nos les mans amb sab\u00f3.<\/p>\n<p>Hem estat fent experiments i posant en pr\u00e0ctica tot el que hem apr\u00e8s. Hem barrejat aigua, sab\u00f3 i pintura i&#8230;sorpresa! Hem descobert que tamb\u00e9 podem pintar amb bombolles de colors.<\/p>\n<p>Us deixem unes fotos d&#8217;aquests experiments&#8230;<\/p>\n<p><a href=\"https:\/\/photos.app.goo.gl\/SRxo8oDa69KGf1i76\"><img loading=\"lazy\" decoding=\"async\" class=\"size-medium wp-image-2693 alignleft\" src=\"https:\/\/agora.xtec.cat\/ceip-antoni-gaudi\/wp-content\/uploads\/usu683\/2020\/10\/Captura-de-pantalla-2020-10-03-a-las-10.07.18-300x170.png\" alt=\"\" width=\"300\" height=\"170\" srcset=\"https:\/\/agora.xtec.cat\/ceip-antoni-gaudi\/wp-content\/uploads\/usu683\/2020\/10\/Captura-de-pantalla-2020-10-03-a-las-10.07.18-300x170.png 300w, https:\/\/agora.xtec.cat\/ceip-antoni-gaudi\/wp-content\/uploads\/usu683\/2020\/10\/Captura-de-pantalla-2020-10-03-a-las-10.07.18-768x434.png 768w, https:\/\/agora.xtec.cat\/ceip-antoni-gaudi\/wp-content\/uploads\/usu683\/2020\/10\/Captura-de-pantalla-2020-10-03-a-las-10.07.18.png 893w\" sizes=\"auto, (max-width: 300px) 100vw, 300px\" \/><\/a><\/p>\n<p>&nbsp;<\/p>\n<p>&nbsp;<\/p>\n<p>&nbsp;<\/p>\n<p>&nbsp;<\/p>\n<p style=\"text-align: left;\">Les mestres de P4<\/p>\n","protected":false},"excerpt":{"rendered":"<p>Benvinguts a P4!!<br \/>\nDurant aquestes primeres setmanes hem estat parlant molt sobre la import\u00e0ncia de rentar-nos les mans amb sab\u00f3.<br \/>\nHem estat fent experiments i posant en pr\u00e0ctica tot el que hem apr\u00e8s. Hem barrejat aigua, sab\u00f3 i pintura i&#8230;sorpresa! Hem descobert que tamb\u00e9 podem pintar amb&hellip;  <a href=\"https:\/\/agora.xtec.cat\/ceip-antoni-gaudi\/general\/treballem-amb-sabo\/\" title=\"Read Treballem amb sab\u00f3!\">Llegeix m\u00e9s\u00bb<\/a><\/p>\n","protected":false},"author":6,"featured_media":516,"comment_status":"open","ping_status":"closed","sticky":false,"template":"","format":"standard","meta":{"_bbp_topic_count":0,"_bbp_reply_count":0,"_bbp_total_topic_count":0,"_bbp_total_reply_count":0,"_bbp_voice_count":0,"_bbp_anonymous_reply_count":0,"_bbp_topic_count_hidden":0,"_bbp_reply_count_hidden":0,"_bbp_forum_subforum_count":0,"footnotes":""},"categories":[1,8,2,4],"tags":[],"class_list":["post-2692","post","type-post","status-publish","format-standard","has-post-thumbnail","hentry","category-general","category-i4","category-infantil","category-portada"],"post_mailing_queue_ids":[],"_links":{"self":[{"href":"https:\/\/agora.xtec.cat\/ceip-antoni-gaudi\/wp-json\/wp\/v2\/posts\/2692","targetHints":{"allow":["GET"]}}],"collection":[{"href":"https:\/\/agora.xtec.cat\/ceip-antoni-gaudi\/wp-json\/wp\/v2\/posts"}],"about":[{"href":"https:\/\/agora.xtec.cat\/ceip-antoni-gaudi\/wp-json\/wp\/v2\/types\/post"}],"author":[{"embeddable":true,"href":"https:\/\/agora.xtec.cat\/ceip-antoni-gaudi\/wp-json\/wp\/v2\/users\/6"}],"replies":[{"embeddable":true,"href":"https:\/\/agora.xtec.cat\/ceip-antoni-gaudi\/wp-json\/wp\/v2\/comments?post=2692"}],"version-history":[{"count":3,"href":"https:\/\/agora.xtec.cat\/ceip-antoni-gaudi\/wp-json\/wp\/v2\/posts\/2692\/revisions"}],"predecessor-version":[{"id":3241,"href":"https:\/\/agora.xtec.cat\/ceip-antoni-gaudi\/wp-json\/wp\/v2\/posts\/2692\/revisions\/3241"}],"wp:featuredmedia":[{"embeddable":true,"href":"https:\/\/agora.xtec.cat\/ceip-antoni-gaudi\/wp-json\/wp\/v2\/media\/516"}],"wp:attachment":[{"href":"https:\/\/agora.xtec.cat\/ceip-antoni-gaudi\/wp-json\/wp\/v2\/media?parent=2692"}],"wp:term":[{"taxonomy":"category","embeddable":true,"href":"https:\/\/agora.xtec.cat\/ceip-antoni-gaudi\/wp-json\/wp\/v2\/categories?post=2692"},{"taxonomy":"post_tag","embeddable":true,"href":"https:\/\/agora.xtec.cat\/ceip-antoni-gaudi\/wp-json\/wp\/v2\/tags?post=2692"}],"curies":[{"name":"wp","href":"https:\/\/api.w.org\/{rel}","templated":true}]}}