{"id":2623,"date":"2020-06-01T09:01:21","date_gmt":"2020-06-01T07:01:21","guid":{"rendered":"http:\/\/agora.xtec.cat\/ceip-antoni-gaudi\/?p=2623"},"modified":"2020-10-30T18:03:50","modified_gmt":"2020-10-30T17:03:50","slug":"beques-menjador","status":"publish","type":"post","link":"https:\/\/agora.xtec.cat\/ceip-antoni-gaudi\/general\/beques-menjador\/","title":{"rendered":"BEQUES MENJADOR"},"content":{"rendered":"<p style=\"text-align: center;\"><strong>BEQUES DE MENJADOR curs 2020\/21<\/strong><\/p>\n<p>El\u00a0<strong>termini<\/strong>\u00a0de presentaci\u00f3 de sol\u00b7licituds s\u2019ha establert de l<strong>\u20191 de juny al 19 de juny<\/strong>\u00a0.<\/p>\n<p>Com la situaci\u00f3 actual no permet el despla\u00e7ament dels pares amb normalitat, si no ho han pogut entregar al centre escolar, ho podran fer mitjan\u00e7ant inst\u00e0ncia electr\u00f2nica <strong>directament al Consell Comarcal de l\u2019Anoia<\/strong> o <strong>presencialment al Consell Comarcal de l\u2019Anoia amb cita pr\u00e8via fins el 30 de setembre de 2020<\/strong>.<\/p>\n<p><strong>Enlla\u00e7 per presentar via electr\u00f2nica:<a href=\"https:\/\/tramits.seu.cat\/ABSIS\/EAD\/webspublicacion\/eMiservicio\/catala\/Tramites\/A78EB9E889DE4DBDB25B5AA672645143.asp?codent=975\"> INST\u00c0NCIA TELEM\u00c0TICA<\/a><\/strong><\/p>\n<p>Si voleu fer la sol.licitud a l\u2019escola cal demanar cita pr\u00e8via . No s\u2019atendr\u00e0 ning\u00fa sense haver demanat amb antel\u00b7laci\u00f3 cita pr\u00e8via.<\/p>\n<p><strong>Com podem demanar cita?<\/strong>\u00a0Trucant al tel\u00e8fon de l\u2019escola\u00a0<strong>938044549<\/strong>\u00a0de 9h a 13h a partir del dilluns dia 1de Juny. Haureu de porta tota la sol.licitud omplerta juntament amb la documentaci\u00f3 que demanen.<\/p>\n<p>Per aquest nou curs hi ha <strong>DOS TIPUS D\u2019IMPRESOS<\/strong> per la sol\u00b7licitud:<\/p>\n<p><strong>Model 1<\/strong>: Servir\u00e0 per totes aquelles persones que ja van demanar l\u2019ajut el curs passat (tant \u00e9s el resultat que van obtenir). Aquest document \u00e9s una declaraci\u00f3 responsable on indiquen\u00a0 que totes les dades del curs passat segueixen vigent i per tant no hauran de adjuntar cap documentaci\u00f3<\/p>\n<p><strong>Model 2<\/strong>: Servir\u00e0 per totes les noves sol\u00b7licituds i per les que tenen variacions amb la documentaci\u00f3 presentada el curs passat (canvi de padr\u00f3, separaci\u00f3 dels pares\u2026).<\/p>\n<p>Us adjuntem tota la informaci\u00f3 i les sol\u00b7licituds que heu de porta omplertes. Nom\u00e9s cal que cliqueu al damunt.<\/p>\n<p><strong><a href=\"https:\/\/drive.google.com\/open?id=13StHVYH8LNKVEh4D0uYiHQsFfM3GqBOk\">CONVOCAT\u00d2RIA 20\/21<\/a><\/strong><\/p>\n<p><strong><a href=\"https:\/\/drive.google.com\/file\/d\/11UMdV7kRt1-BBq2OIKdCJ6Wpqm0iXVCu\/view?usp=sharing\">BASES AJUTS<\/a><\/strong><\/p>\n<p><strong><a href=\"https:\/\/drive.google.com\/file\/d\/1Gn8UpwtvkdRq1zCcywQuHeSHLvFaADy_\/view?usp=sharing\">CAMPANYA BEQUES<\/a><\/strong><\/p>\n<p><strong><a href=\"https:\/\/drive.google.com\/file\/d\/12VEbzICoeiSL9I4AFkHZ3jRl1TrALlJh\/view?usp=sharing\">MODEL 1<\/a><\/strong><\/p>\n<p><strong><a href=\"https:\/\/drive.google.com\/file\/d\/19o6eYC1sy2tvGaml8FlzsqPyZfmS1gBD\/view?usp=sharing\">MODEL 2<\/a><\/strong><\/p>\n<p>Qualsevol dubte o pregunta referent a les bases cal que us adreceu al Consell Comarcal. Tel 93.8051585 ext.323 o al m\u00f2bil\u00a0679964666<\/p>\n","protected":false},"excerpt":{"rendered":"<p>BEQUES DE MENJADOR curs 2020\/21<br \/>\nEl\u00a0termini\u00a0de presentaci\u00f3 de sol\u00b7licituds s\u2019ha establert de l\u20191 de juny al 19 de juny\u00a0.<br \/>\nCom la situaci\u00f3 actual no permet el despla\u00e7ament dels pares amb normalitat, si no ho han pogut entregar al centre escolar, ho podran fer mitjan\u00e7ant inst\u00e0ncia electr\u00f2nica directament&hellip;  <a href=\"https:\/\/agora.xtec.cat\/ceip-antoni-gaudi\/general\/beques-menjador\/\" title=\"Read BEQUES MENJADOR\">Llegeix m\u00e9s\u00bb<\/a><\/p>\n","protected":false},"author":1,"featured_media":0,"comment_status":"open","ping_status":"closed","sticky":false,"template":"","format":"standard","meta":{"_bbp_topic_count":0,"_bbp_reply_count":0,"_bbp_total_topic_count":0,"_bbp_total_reply_count":0,"_bbp_voice_count":0,"_bbp_anonymous_reply_count":0,"_bbp_topic_count_hidden":0,"_bbp_reply_count_hidden":0,"_bbp_forum_subforum_count":0,"footnotes":""},"categories":[1,4],"tags":[],"class_list":["post-2623","post","type-post","status-publish","format-standard","hentry","category-general","category-portada"],"post_mailing_queue_ids":[],"_links":{"self":[{"href":"https:\/\/agora.xtec.cat\/ceip-antoni-gaudi\/wp-json\/wp\/v2\/posts\/2623","targetHints":{"allow":["GET"]}}],"collection":[{"href":"https:\/\/agora.xtec.cat\/ceip-antoni-gaudi\/wp-json\/wp\/v2\/posts"}],"about":[{"href":"https:\/\/agora.xtec.cat\/ceip-antoni-gaudi\/wp-json\/wp\/v2\/types\/post"}],"author":[{"embeddable":true,"href":"https:\/\/agora.xtec.cat\/ceip-antoni-gaudi\/wp-json\/wp\/v2\/users\/1"}],"replies":[{"embeddable":true,"href":"https:\/\/agora.xtec.cat\/ceip-antoni-gaudi\/wp-json\/wp\/v2\/comments?post=2623"}],"version-history":[{"count":3,"href":"https:\/\/agora.xtec.cat\/ceip-antoni-gaudi\/wp-json\/wp\/v2\/posts\/2623\/revisions"}],"predecessor-version":[{"id":2632,"href":"https:\/\/agora.xtec.cat\/ceip-antoni-gaudi\/wp-json\/wp\/v2\/posts\/2623\/revisions\/2632"}],"wp:attachment":[{"href":"https:\/\/agora.xtec.cat\/ceip-antoni-gaudi\/wp-json\/wp\/v2\/media?parent=2623"}],"wp:term":[{"taxonomy":"category","embeddable":true,"href":"https:\/\/agora.xtec.cat\/ceip-antoni-gaudi\/wp-json\/wp\/v2\/categories?post=2623"},{"taxonomy":"post_tag","embeddable":true,"href":"https:\/\/agora.xtec.cat\/ceip-antoni-gaudi\/wp-json\/wp\/v2\/tags?post=2623"}],"curies":[{"name":"wp","href":"https:\/\/api.w.org\/{rel}","templated":true}]}}