{"id":2509,"date":"2020-03-29T10:38:44","date_gmt":"2020-03-29T08:38:44","guid":{"rendered":"http:\/\/agora.xtec.cat\/ceip-antoni-gaudi\/?p=2509"},"modified":"2020-03-30T10:45:34","modified_gmt":"2020-03-30T08:45:34","slug":"cartes-amb-el-cor","status":"publish","type":"post","link":"https:\/\/agora.xtec.cat\/ceip-antoni-gaudi\/general\/cartes-amb-el-cor\/","title":{"rendered":"CARTES AMB EL COR"},"content":{"rendered":"<div>Ens unim a la iniciativa<b>&#8221; cartes amb el cor&#8221;<\/b>\u00a0que t\u00e9 com a finalitat fer m\u00e9s suportable la situaci\u00f3 de tensi\u00f3 i angoixa que estan vivint als hospitals tant les persones ingressades com tot el personal sanitari\u00a0(personal neteja, infermeres, auxiliars d\u2019infermeria, te\u0300cnics de laboratori, te\u0300cnics d\u2019imatge, zeladors, metges, administratives i voluntaris ). Ens demanen que els fem arribar els dibuixos, els poemes o les cartes que facin els alumnes, per fer una estan\u00e7a a tothom m\u00e9s c\u00e0lida i propera.<\/div>\n<div><\/div>\n<div>Els hospitals que formen part d&#8217;aquesta iniciativa s\u00f3n: l&#8217;Hospital del Mar i l&#8217;Hospital Cl\u00ednic de Barcelona.<\/div>\n<div><\/div>\n<div>Des de l&#8217;escola enviarem <b>dibuixos<\/b>. Per tant, us agrair\u00edem molt\u00edssim, en la mesura del que us sigui possible, que durant la propera setmana els vostres fills i filles fessin un dibuix, la tem\u00e0tica \u00e9s totalment lliure. Un cop fet li haur\u00edeu de fer una foto i ens l&#8217;envieu al mail:\u00a0<b><a href=\"mailto:families@agaudi.ca\" target=\"_blank\" rel=\"noopener noreferrer\">families@agaudi.ca<\/a><\/b>t i nosaltres el dijous els enviarem a les adreces que ens han facilitat. Aix\u00f2 ho farem cada dijous mentre duri el confinament.<\/div>\n<div><\/div>\n<div>Us animem a tots i totes a participar!!<\/div>\n<div><\/div>\n","protected":false},"excerpt":{"rendered":"<p>Ens unim a la iniciativa&#8221; cartes amb el cor&#8221;\u00a0que t\u00e9 com a finalitat fer m\u00e9s suportable la situaci\u00f3 de tensi\u00f3 i angoixa que estan vivint als hospitals tant les persones ingressades com tot el personal sanitari\u00a0(personal neteja, infermeres, auxiliars d\u2019infermeria, te\u0300cnics de laboratori, te\u0300cnics d\u2019imatge,&hellip;  <a href=\"https:\/\/agora.xtec.cat\/ceip-antoni-gaudi\/general\/cartes-amb-el-cor\/\" title=\"Read CARTES AMB EL COR\">Llegeix m\u00e9s\u00bb<\/a><\/p>\n","protected":false},"author":1,"featured_media":0,"comment_status":"open","ping_status":"closed","sticky":false,"template":"","format":"standard","meta":{"_bbp_topic_count":0,"_bbp_reply_count":0,"_bbp_total_topic_count":0,"_bbp_total_reply_count":0,"_bbp_voice_count":0,"_bbp_anonymous_reply_count":0,"_bbp_topic_count_hidden":0,"_bbp_reply_count_hidden":0,"_bbp_forum_subforum_count":0,"footnotes":""},"categories":[1],"tags":[],"class_list":["post-2509","post","type-post","status-publish","format-standard","hentry","category-general"],"post_mailing_queue_ids":[],"_links":{"self":[{"href":"https:\/\/agora.xtec.cat\/ceip-antoni-gaudi\/wp-json\/wp\/v2\/posts\/2509","targetHints":{"allow":["GET"]}}],"collection":[{"href":"https:\/\/agora.xtec.cat\/ceip-antoni-gaudi\/wp-json\/wp\/v2\/posts"}],"about":[{"href":"https:\/\/agora.xtec.cat\/ceip-antoni-gaudi\/wp-json\/wp\/v2\/types\/post"}],"author":[{"embeddable":true,"href":"https:\/\/agora.xtec.cat\/ceip-antoni-gaudi\/wp-json\/wp\/v2\/users\/1"}],"replies":[{"embeddable":true,"href":"https:\/\/agora.xtec.cat\/ceip-antoni-gaudi\/wp-json\/wp\/v2\/comments?post=2509"}],"version-history":[{"count":1,"href":"https:\/\/agora.xtec.cat\/ceip-antoni-gaudi\/wp-json\/wp\/v2\/posts\/2509\/revisions"}],"predecessor-version":[{"id":2510,"href":"https:\/\/agora.xtec.cat\/ceip-antoni-gaudi\/wp-json\/wp\/v2\/posts\/2509\/revisions\/2510"}],"wp:attachment":[{"href":"https:\/\/agora.xtec.cat\/ceip-antoni-gaudi\/wp-json\/wp\/v2\/media?parent=2509"}],"wp:term":[{"taxonomy":"category","embeddable":true,"href":"https:\/\/agora.xtec.cat\/ceip-antoni-gaudi\/wp-json\/wp\/v2\/categories?post=2509"},{"taxonomy":"post_tag","embeddable":true,"href":"https:\/\/agora.xtec.cat\/ceip-antoni-gaudi\/wp-json\/wp\/v2\/tags?post=2509"}],"curies":[{"name":"wp","href":"https:\/\/api.w.org\/{rel}","templated":true}]}}